{"id":27619,"date":"2017-03-07T10:00:59","date_gmt":"2017-03-07T08:00:59","guid":{"rendered":"http:\/\/infois.ro\/?p=27619"},"modified":"2017-03-07T10:00:59","modified_gmt":"2017-03-07T08:00:59","slug":"proiect-erasmus-la-colegiul-tehnic-gheorghe-asachi-iasi","status":"publish","type":"post","link":"https:\/\/infois.ro\/?p=27619","title":{"rendered":"Proiect Erasmus+ la Colegiul Tehnic \u201eGheorghe  Asachi\u2019\u2019 Ia\u0219i"},"content":{"rendered":"<p style=\"text-align: justify;\"><a href=\"http:\/\/infois.ro\/wp-content\/uploads\/2017\/03\/proiect-Asachi.jpg\"><img loading=\"lazy\" decoding=\"async\" class=\"alignleft  wp-image-27620\" src=\"http:\/\/infois.ro\/wp-content\/uploads\/2017\/03\/proiect-Asachi.jpg\" alt=\"\" width=\"390\" height=\"260\" srcset=\"https:\/\/infois.ro\/wp-content\/uploads\/2017\/03\/proiect-Asachi.jpg 640w, https:\/\/infois.ro\/wp-content\/uploads\/2017\/03\/proiect-Asachi-300x200.jpg 300w\" sizes=\"(max-width: 390px) 100vw, 390px\" \/><\/a><\/p>\n<p style=\"text-align: justify;\">Elevii\u00a0 Colegiului\u00a0 Tehnic \u201eGheorghe\u00a0 Asachi\u2019\u2019 Ia\u0219i \u00a0sunt\u00a0 activ implica\u021bi \u00a0\u00een\u00a0 proiectul Erasmus + Ka2\u2019\u2019Building\u00a0 Up Human Values Through Art\u2019\u2019al\u0103turi de cei din Spania, Germania \u0219i\u00a0 Marea Britanie, \u00een dorin\u021ba de a face cunoscut, prin intermediul mesajului\u00a0 artistic, drepturile omului \u00een r\u00e2ndul tinerilor\u00a0 \u0219i nu numai. Acest proiect, \u00eenceput\u00a0 \u00een anul 2015, a ajuns \u00a0\u00een 2017 la final prin\u00a0 desf\u0103\u0219urarea ultimelor\u00a0 doua\u00a0 \u00eent\u00e2lniri de la Frankfurt , Germania\u00a0 \u0219i\u00a0 San Javier,\u00a0 Spania.<\/p>\n<p style=\"text-align: justify;\">\u00cen acest sens, \u00een luna februarie\u00a0 a acestui\u00a0 an,\u00a0 un grup de\u00a0 6 elevi\u00a0 \u0219i\u00a0 2 profesori s-au deplasat la \u015ecoala de arte \u00a0Neue Gymnasiale Oberstufe Frankfurt,\u00a0 unde timp\u00a0 de\u00a0 o\u00a0 s\u0103pt\u0103m\u00e2na, au lucrat\u00a0 \u00een echipe interna\u021bionale \u0219i\u00a0 au realizat\u00a0 lucr\u0103ri \u00a0artistice,\u00a0 av\u00e2nd \u00a0ca tem\u0103\u00a0 drepturile omului, ce au fost expuse\u00a0 \u00eentr-o expozi\u021bie\u00a0 deschis\u0103\u00a0 publicului. Elevii\u00a0 \u0219i profesorii \u00a0au\u00a0 participat\u00a0 \u0219i\u00a0 la activit\u0103\u021bi de \u00eensu\u0219ire\u00a0 a unor tehnici\u00a0 artistice noi prin schimbul de experien\u021b\u0103\u00a0 efectuat\u00a0 la Muzeul de art\u0103\u00a0 modern\u0103\u00a0 din Frankfurt.<\/p>\n<p style=\"text-align: justify;\">Ultima\u00a0 \u00eent\u00e2lnire a\u00a0 proiectului\u00a0 va avea\u00a0 loc\u00a0 \u00een\u00a0 luna aprilie,\u00a0 \u00een Spania, unde vor participa\u00a0 al\u021bi 6 elevi \u0219i\u00a0 2 profesori. \u00a0Experien\u021bele\u00a0 \u0219i\u00a0 cuno\u0219tin\u021bele\u00a0 acumulate \u00een acest proiect vor fi \u00a0prezentate \u00een noi lucr\u0103ri de\u00a0 art\u0103 expuse\u00a0 \u00een \u00a0cadrul unei expozi\u021bii.<\/p>\n<p style=\"text-align: justify;\">Cunoa\u0219terea \u0219i\u00a0 respectarea drepturilor omului e o caracteristic\u0103\u00a0 din ce \u00een ce mai actual\u0103\u00a0 a\u00a0 societ\u0103\u021bii\u00a0 civile rom\u00e2ne\u0219ti\u00a0 \u0219i\u00a0 pentru\u00a0 elevii\u00a0 Colegiului\u00a0 Tehnic \u201eGheorghe Asachi\u2019\u2019 Ia\u0219i \u00a0\u00eenseamn\u0103\u00a0 implicarea \u00een via\u021ba\u00a0 comunit\u0103\u021bii \u00a0prin ac\u021biuni de\u00a0 voluntariat, prin activit\u0103\u021bi\u00a0 artistice\u00a0 care s\u0103 \u00a0dezvolte\u00a0 sentimentul libert\u0103\u021bii \u0219i demnit\u0103\u021bii umane,a solidarit\u0103\u021bii \u0219i a coeziunii sociale.<\/p>\n","protected":false},"excerpt":{"rendered":"<p>Elevii\u00a0 Colegiului\u00a0 Tehnic \u201eGheorghe\u00a0 Asachi\u2019\u2019 Ia\u0219i \u00a0sunt\u00a0 activ implica\u021bi \u00a0\u00een\u00a0 proiectul Erasmus + Ka2\u2019\u2019Building\u00a0 Up&#8230; <a class=\"meta-more\" href=\"https:\/\/infois.ro\/?p=27619\">more <span class=\"meta-nav\">&raquo;<\/span><\/a><\/p>\n","protected":false},"author":2,"featured_media":27620,"comment_status":"open","ping_status":"closed","sticky":false,"template":"","format":"standard","meta":{"footnotes":""},"categories":[12],"tags":[2773,4900,40,3112],"aioseo_notices":[],"_links":{"self":[{"href":"https:\/\/infois.ro\/index.php?rest_route=\/wp\/v2\/posts\/27619"}],"collection":[{"href":"https:\/\/infois.ro\/index.php?rest_route=\/wp\/v2\/posts"}],"about":[{"href":"https:\/\/infois.ro\/index.php?rest_route=\/wp\/v2\/types\/post"}],"author":[{"embeddable":true,"href":"https:\/\/infois.ro\/index.php?rest_route=\/wp\/v2\/users\/2"}],"replies":[{"embeddable":true,"href":"https:\/\/infois.ro\/index.php?rest_route=%2Fwp%2Fv2%2Fcomments&post=27619"}],"version-history":[{"count":1,"href":"https:\/\/infois.ro\/index.php?rest_route=\/wp\/v2\/posts\/27619\/revisions"}],"predecessor-version":[{"id":27621,"href":"https:\/\/infois.ro\/index.php?rest_route=\/wp\/v2\/posts\/27619\/revisions\/27621"}],"wp:featuredmedia":[{"embeddable":true,"href":"https:\/\/infois.ro\/index.php?rest_route=\/wp\/v2\/media\/27620"}],"wp:attachment":[{"href":"https:\/\/infois.ro\/index.php?rest_route=%2Fwp%2Fv2%2Fmedia&parent=27619"}],"wp:term":[{"taxonomy":"category","embeddable":true,"href":"https:\/\/infois.ro\/index.php?rest_route=%2Fwp%2Fv2%2Fcategories&post=27619"},{"taxonomy":"post_tag","embeddable":true,"href":"https:\/\/infois.ro\/index.php?rest_route=%2Fwp%2Fv2%2Ftags&post=27619"}],"curies":[{"name":"wp","href":"https:\/\/api.w.org\/{rel}","templated":true}]}}