{"id":27644,"date":"2017-03-09T06:03:30","date_gmt":"2017-03-09T04:03:30","guid":{"rendered":"http:\/\/infois.ro\/?p=27644"},"modified":"2017-03-09T06:03:30","modified_gmt":"2017-03-09T04:03:30","slug":"comercializarea-produselor-alimentare-in-incinta-unitatilor-de-invatamant-in-atentia-autoritatilor-locale","status":"publish","type":"post","link":"https:\/\/infois.ro\/?p=27644","title":{"rendered":"Comercializarea produselor alimentare \u00een incinta unit\u0103\u0163ilor de \u00eenv\u0103\u0163\u0103m\u00e2nt, \u00een aten\u0163ia autorit\u0103\u0163ilor locale"},"content":{"rendered":"<p style=\"text-align: justify;\"><a href=\"http:\/\/infois.ro\/wp-content\/uploads\/2017\/03\/chiosc.jpg\"><img loading=\"lazy\" decoding=\"async\" class=\"alignleft  wp-image-27645\" src=\"http:\/\/infois.ro\/wp-content\/uploads\/2017\/03\/chiosc.jpg\" alt=\"\" width=\"399\" height=\"223\" srcset=\"https:\/\/infois.ro\/wp-content\/uploads\/2017\/03\/chiosc.jpg 640w, https:\/\/infois.ro\/wp-content\/uploads\/2017\/03\/chiosc-300x168.jpg 300w\" sizes=\"(max-width: 399px) 100vw, 399px\" \/><\/a><\/p>\n<p style=\"text-align: justify;\">Prefectul jude\u0163ului Ia\u015fi, Marian Grigora\u015f, a demarat o ac\u0163iune de verificare a punctelor de v\u00e2nzare a produselor alimentare situate \u00een perimetrul unit\u0103\u021bilor de \u00eenv\u0103\u021b\u0103m\u00e2nt. \u201dAm primit semnale c\u0103 magazinele din incinta \u0219colilor nu respect\u0103 prevederile legale \u0219i am decis efectuarea unor verific\u0103ri. Pu\u021bin\u0103 lume \u0219tie c\u0103, de exemplu, la un astfel de magazin este interzis\u0103 comercializarea de b\u0103uturi r\u0103coritoare, altele dec\u00e2t apa. \u00centr-o prim\u0103 faz\u0103 au fost verificate 15 unit\u0103\u021bi comerciale \u0219i au fost aplicate 11 sanc\u021biuni contraven\u021bionale. S-au identificat probleme la produse precum cornuri cu ciocolat\u0103, pizza, b\u0103uturi r\u0103coritoare. Rezultatele acestor verific\u0103ri vor fi transmise \u0219i c\u0103tre Inspectoratul \u0218colar Jude\u021bean. Voi solicita o mai mare implicare a conducerilor unit\u0103\u021bilor de \u00eenv\u0103\u021b\u0103m\u00e2nt \u00een ceea ce prive\u0219te respectarea prevederilor legale de c\u0103tre unit\u0103\u021bile comerciale, mai ales c\u0103 li se comunic\u0103 periodic o list\u0103 cu produsele care nu pot fi v\u00e2ndute elevilor. \u0218i p\u00e2n\u0103 acum, \u00een cazul \u00een care s-a observat c\u0103 se comercializeaz\u0103 produse interzise, personalul din \u0219coli ar fi trebuit s\u0103 anun\u021be organele de control sau chiar s\u0103 solicite \u00eencetarea contractului prin care se pune la dispozi\u021bie spa\u021biul respectiv\u201d, a declarat prefectul. \u00a0\u00cen urma verific\u0103rilor efectuate de inspectori au fost aplicate trei amenzi contraven\u021bionale, \u00een cuantum de o mie de lei fiecare, dintre care dou\u0103 pentru comercializarea de produse care nu respect\u0103 principiile care stau la baza unei alimenta\u021bii s\u0103n\u0103toase pentru copii \u0219i tineri \u0219i una pentru exprimarea incorect\u0103 a datei de minim\u0103 durabilitate a unui produs. Alte dou\u0103 amenzi contraven\u021bionale, \u00een valoare de 500 lei fiecare, au fost aplicate pentru lipsa certific\u0103rii personalului privind \u00eensu\u0219irea no\u021biunilor fundamentale de igien\u0103. Inspectorii au dat, de asemenea, \u015fi trei avertismente pentru comercializarea de alimente care nu respect\u0103 limitele de la care acestea devin nerecomandate \u0219i alte trei avertismente operatorilor economici la care s-a constatat c\u0103 produsele preambalate erau expuse la comercializare f\u0103r\u0103 a fi indicat pre\u021bul pe unitatea de m\u0103sur\u0103. Potrivit Biroului de pres\u0103 al Institu\u0163iei Prefectului Jude\u0163ului Ia\u015fi, verific\u0103rile vor continua \u0219i \u00een perioada urm\u0103toare, \u00a0reprezentantul Guvernului \u00een teritoriu solicit\u00e2nd o fermitate sporit\u0103 din partea institu\u021biilor de control. Comisia mixt\u0103 de control, desemnat\u0103 prin Ordin al prefectului, este format\u0103 din reprezentan\u021bi ai Direc\u021biei de S\u0103n\u0103tate Public\u0103 Ia\u0219i \u0219i ai Comisariatului Jude\u021bean pentru Protec\u021bia Consumatorilor Ia\u0219i. Comercializarea produselor alimentare \u00een incinta unit\u0103\u021bilor de \u00eenv\u0103\u021b\u0103m\u00e2nt este reglementat\u0103 de Legea nr. 123\/2008 pentru o alimenta\u0163ie s\u0103n\u0103toas\u0103 \u00een unit\u0103\u0163ile de \u00eenv\u0103\u0163\u0103m\u00e2nt preuniversitar \u0219i Ordinul Ministerului S\u0103n\u0103t\u0103\u021bii nr. 1563\/2008 pentru aprobarea Listei alimentelor nerecomandate pre\u015fcolarilor \u015fi \u015fcolarilor \u015fi a principiilor care stau la baza unei alimenta\u0163ii s\u0103n\u0103toase pentru copii \u015fi adolescen\u0163i.<\/p>\n","protected":false},"excerpt":{"rendered":"<p>Prefectul jude\u0163ului Ia\u015fi, Marian Grigora\u015f, a demarat o ac\u0163iune de verificare a punctelor de v\u00e2nzare&#8230; <a class=\"meta-more\" href=\"https:\/\/infois.ro\/?p=27644\">more <span class=\"meta-nav\">&raquo;<\/span><\/a><\/p>\n","protected":false},"author":2,"featured_media":27645,"comment_status":"open","ping_status":"closed","sticky":false,"template":"","format":"standard","meta":{"footnotes":""},"categories":[1,41],"tags":[74,3424,5205,40,3343,1068],"aioseo_notices":[],"_links":{"self":[{"href":"https:\/\/infois.ro\/index.php?rest_route=\/wp\/v2\/posts\/27644"}],"collection":[{"href":"https:\/\/infois.ro\/index.php?rest_route=\/wp\/v2\/posts"}],"about":[{"href":"https:\/\/infois.ro\/index.php?rest_route=\/wp\/v2\/types\/post"}],"author":[{"embeddable":true,"href":"https:\/\/infois.ro\/index.php?rest_route=\/wp\/v2\/users\/2"}],"replies":[{"embeddable":true,"href":"https:\/\/infois.ro\/index.php?rest_route=%2Fwp%2Fv2%2Fcomments&post=27644"}],"version-history":[{"count":1,"href":"https:\/\/infois.ro\/index.php?rest_route=\/wp\/v2\/posts\/27644\/revisions"}],"predecessor-version":[{"id":27646,"href":"https:\/\/infois.ro\/index.php?rest_route=\/wp\/v2\/posts\/27644\/revisions\/27646"}],"wp:featuredmedia":[{"embeddable":true,"href":"https:\/\/infois.ro\/index.php?rest_route=\/wp\/v2\/media\/27645"}],"wp:attachment":[{"href":"https:\/\/infois.ro\/index.php?rest_route=%2Fwp%2Fv2%2Fmedia&parent=27644"}],"wp:term":[{"taxonomy":"category","embeddable":true,"href":"https:\/\/infois.ro\/index.php?rest_route=%2Fwp%2Fv2%2Fcategories&post=27644"},{"taxonomy":"post_tag","embeddable":true,"href":"https:\/\/infois.ro\/index.php?rest_route=%2Fwp%2Fv2%2Ftags&post=27644"}],"curies":[{"name":"wp","href":"https:\/\/api.w.org\/{rel}","templated":true}]}}