{"id":27674,"date":"2017-03-10T06:50:06","date_gmt":"2017-03-10T04:50:06","guid":{"rendered":"http:\/\/infois.ro\/?p=27674"},"modified":"2017-03-11T06:52:37","modified_gmt":"2017-03-11T04:52:37","slug":"7-elevi-de-la-negruzzi-s-au-specializat-in-marea-britanie-in-cadrul-unui-proiect-erasmus","status":"publish","type":"post","link":"https:\/\/infois.ro\/?p=27674","title":{"rendered":"7 elevi de la Negruzzi s-au specializat \u00een Marea Britanie \u00een cadrul unui proiect Erasmus+"},"content":{"rendered":"<p style=\"text-align: justify;\"><a href=\"http:\/\/infois.ro\/wp-content\/uploads\/2017\/03\/elevi-negruzzi.jpg\"><img loading=\"lazy\" decoding=\"async\" class=\"alignleft  wp-image-27675\" src=\"http:\/\/infois.ro\/wp-content\/uploads\/2017\/03\/elevi-negruzzi.jpg\" alt=\"\" width=\"366\" height=\"206\" srcset=\"https:\/\/infois.ro\/wp-content\/uploads\/2017\/03\/elevi-negruzzi.jpg 640w, https:\/\/infois.ro\/wp-content\/uploads\/2017\/03\/elevi-negruzzi-300x169.jpg 300w, https:\/\/infois.ro\/wp-content\/uploads\/2017\/03\/elevi-negruzzi-140x80.jpg 140w\" sizes=\"(max-width: 366px) 100vw, 366px\" \/><\/a><\/p>\n<p style=\"text-align: justify;\">Timp de 10 zile, cei 7 elevi de clasa a X-a, \u00eenso\u021bi\u021bi de profesorul de informatic\u0103 au participat la un stagiu de formare profesional\u0103 cu profil IT, desf\u0103\u015fur\u00e2nd activit\u0103\u0163i de dezvoltare de coduri de programe \u00een limbajul C\/C++, folosind dispozitive fizice de tip Arduino \u0219i SO Andoid, \u00een domeniul dispozitivelor smart (telefon, tablet\u0103, TvSmart). Prin activit\u0103\u0163ile profesionale desf\u0103\u015furate \u00een sediul companiei Infonetmedia din Portsmouth, precum \u015fi prin cele culturale propuse de partenerul Training Vision, participan\u0163ii la stagiu \u015fi-au exersat competen\u0163ele de comunicare \u00een limba englez\u0103 (limba \u00een care s-a desf\u0103\u0219urat stagiul de formare), competen\u0163e practice \u0219i tehnice, de lucru \u00een echip\u0103 \u0219i de adaptare la medii de lucru sau culturale diferite.<\/p>\n<p style=\"text-align: justify;\">Pe l\u00e2ng\u0103 preg\u0103tirea practic\u0103 participan\u021bii au beneficiat de vizite profesionale la compania Insigh4life, University of Portsmouth \u2013 Eldon Building, Highbury College \u0219i Jamie\u2019s Computers.<\/p>\n<p style=\"text-align: justify;\">Memorabil\u0103 r\u0103m\u00e2ne, de asemenea, vizitarea unor obiective turistice precum Buckingham Palace, Westminster Abbey, Big Ben, The House of Parliament, London Eye, Regent Street \u0219i Oxfod Street, completate de obiectivele din Portsmouth: Emirates Spinnaker Tower, Historic Dockyard \u0219i The National Museum of the Royal Navy, Royal Marines Museum \u0219i The Cathedral of Sea.<\/p>\n<p style=\"text-align: justify;\">La finalul stagiului, dup\u0103 prezentarea temelor \u015fi a produselor finale realizate, elevii au primit certificatele de participare la stagiu acordate de partenerul Training Vision, UK Learning Experience \u0219i certificatul de mobilitate Europass Mobility, care atest\u0103 at\u00e2t activit\u0103\u0163ile desf\u0103\u015furate, precum \u015fi competen\u0163ele \u015fi abilit\u0103\u0163ile achizi\u0163ionate pe durata stagiului de formare profesional\u0103.<\/p>\n<p style=\"text-align: justify;\">Stagiul s-a derulat \u00een perioada 13 februarie 2017 \u2013 24 februarie 2017, \u00een Portsmouth \u2013 Marea Britanie, \u00een cadrul proiectului Erasmus+ cu titlul \u201c<strong>Tehnologia SMART &#8211; Rol cheie pentru reu\u0219ita profesional\u0103 \u0219i social\u0103 a elevilor<\/strong>\u201d, derulat \u00een parteneriat cu Training Vision \u0219i compania Infonetmedia.<\/p>\n<p style=\"text-align: justify;\">\u201ePrin intermediul unor astfel de proiecte, elevii no\u0219tri au posibilitatea de a-\u0219i dezvolta competen\u021bele \u0219i dincolo se spa\u021biul \u0219colii, \u00een medii performante \u0219i sub coordonarea unor reputa\u021bi speciali\u0219ti \u00een domeniul IT. \u00cen acela\u0219i timp, aceste experien\u021be sunt foarte importante\u00a0 pentru exersarea abilit\u0103\u021bilor de comunicare \u00een limbi str\u0103ine, precum \u0219i pentru familiarizarea lor cu medii de lucru multiculturale.\u201d a precizat prof.dr. Elvira Rotundu, directorul colegiului.<\/p>\n","protected":false},"excerpt":{"rendered":"<p>Timp de 10 zile, cei 7 elevi de clasa a X-a, \u00eenso\u021bi\u021bi de profesorul de&#8230; <a class=\"meta-more\" href=\"https:\/\/infois.ro\/?p=27674\">more <span class=\"meta-nav\">&raquo;<\/span><\/a><\/p>\n","protected":false},"author":2,"featured_media":27675,"comment_status":"open","ping_status":"closed","sticky":false,"template":"","format":"standard","meta":{"footnotes":""},"categories":[12,41],"tags":[74,1777,4900,40,4084,3112],"aioseo_notices":[],"_links":{"self":[{"href":"https:\/\/infois.ro\/index.php?rest_route=\/wp\/v2\/posts\/27674"}],"collection":[{"href":"https:\/\/infois.ro\/index.php?rest_route=\/wp\/v2\/posts"}],"about":[{"href":"https:\/\/infois.ro\/index.php?rest_route=\/wp\/v2\/types\/post"}],"author":[{"embeddable":true,"href":"https:\/\/infois.ro\/index.php?rest_route=\/wp\/v2\/users\/2"}],"replies":[{"embeddable":true,"href":"https:\/\/infois.ro\/index.php?rest_route=%2Fwp%2Fv2%2Fcomments&post=27674"}],"version-history":[{"count":1,"href":"https:\/\/infois.ro\/index.php?rest_route=\/wp\/v2\/posts\/27674\/revisions"}],"predecessor-version":[{"id":27676,"href":"https:\/\/infois.ro\/index.php?rest_route=\/wp\/v2\/posts\/27674\/revisions\/27676"}],"wp:featuredmedia":[{"embeddable":true,"href":"https:\/\/infois.ro\/index.php?rest_route=\/wp\/v2\/media\/27675"}],"wp:attachment":[{"href":"https:\/\/infois.ro\/index.php?rest_route=%2Fwp%2Fv2%2Fmedia&parent=27674"}],"wp:term":[{"taxonomy":"category","embeddable":true,"href":"https:\/\/infois.ro\/index.php?rest_route=%2Fwp%2Fv2%2Fcategories&post=27674"},{"taxonomy":"post_tag","embeddable":true,"href":"https:\/\/infois.ro\/index.php?rest_route=%2Fwp%2Fv2%2Ftags&post=27674"}],"curies":[{"name":"wp","href":"https:\/\/api.w.org\/{rel}","templated":true}]}}