{"id":2784,"date":"2012-11-12T09:37:30","date_gmt":"2012-11-12T07:37:30","guid":{"rendered":"http:\/\/infois.ro\/?p=2784"},"modified":"2012-11-12T09:37:30","modified_gmt":"2012-11-12T07:37:30","slug":"lucrarile-de-reabilitare-si-modernizare-a-strazilor-cuprinse-pe-axa-istorica-si-culturala-a-municipiului-decurg-conform-proiectului","status":"publish","type":"post","link":"https:\/\/infois.ro\/?p=2784","title":{"rendered":"Lucr\u0103rile de reabilitare \u0219i modernizare a str\u0103zilor cuprinse pe \u201daxa istoric\u0103 \u0219i cultural\u0103\u201d a municipiului decurg conform proiectului"},"content":{"rendered":"<p style=\"text-align: justify;\"><a class=\"highslide\" onclick=\"return vz.expand(this)\" href=\"http:\/\/infois.ro\/wp-content\/uploads\/2012\/11\/lucrari.jpg\"><img loading=\"lazy\" decoding=\"async\" class=\"alignleft size-large wp-image-2785\" title=\"lucrari\" src=\"http:\/\/infois.ro\/wp-content\/uploads\/cache\/2012\/11\/lucrari\/2416802575.jpg\" alt=\"\" width=\"640\" height=\"417\" \/><\/a><\/p>\n<p style=\"text-align: justify;\">Lucr\u0103rile de reabilitare \u0219i modernizare a arterelor de circula\u021bie incluse \u00een cadrul \u201dAxei istorice \u0219i culturale \u201d a municipiului Ia\u0219i se desf\u0103\u0219oar\u0103 conform termenelor prev\u0103zute \u00een contract. Cel mai avansat proiect, respectiv cel privind dez<strong>voltarea re\u0163elei rutiere \u00een zona cultural \u2013 istoric\u0103 \u015fi turistic\u0103 a municipiului,<\/strong>\u00a0se apropie de finalizarea complet\u0103 a Aleii Sadoveanu, poarta de intrare \u00een Ia\u015fi dinspre Breazu. \u201d\u015eoseaua este complet modernizat\u0103, trotuarele au fost pavate \u015fi au fost \u00eenfiin\u0163ate piste pentru bicicli\u015fti pe tot tronsonul Breazu \u2013 Agronomie. Dup\u0103 ridicarea la cota str\u0103zii a canalelor ApaVital, contructorii mai au doar unele retu\u015furi de f\u0103cut. Totodat\u0103, Romtelecom trebuie s\u0103 scoat\u0103 st\u00e2lpii de lemn pe care era sus\u0163inut\u0103 re\u0163eaua veche de telefonie. Pe tot tronsonul Breazu \u2013 Agronomie, \u015foseaua este complet modernizat\u0103, trotuarele au fost pavate \u015fi au fost \u00eenfiin\u0163ate piste pentru bicicli\u015fti. Aleea Sadoveanu se adaug\u0103 astfel str\u0103zilor finalizate \u00een cadrul proiectului european care are ca obiect modernizarea infrastructurii rutiere de pe arterele din zona cultural\u0103 \u015fi turistic\u0103 a municipiului. \u00cen cadrul aceluia\u015fi proiect a fost finalizat Bd. Carol I, str. S\u0103r\u0103rie sau strada Palat \u015fi sunt \u00een plin\u0103 desf\u0103\u015furare lucr\u0103rile de pe str\u0103zile din Copou \u015fi pe bulevardul \u015etefan cel Mare \u015fi Sf\u00e2nt\u201d, a declarat viceprimarul Mihai Chirica, care a precizat c\u0103 finalizarea \u00eentregului proiect este preconizat\u0103 pentru \u00eenceputul anului viitor. Proiectul european vizeaz\u0103 modernizarea \u00een totalitate a infrastructurii rutiere \u015fi a zonelor aferente de pe 16 artere din zona central\u0103 a ora\u015fului, respectiv : aleea Mihail Sadoveanu, aleea Grigore Ghica Vod\u0103, bulevardul Carol I, \u015foseaua S\u0103r\u0103riei, strada S\u0103r\u0103riei, strada Mihai Cost\u0103chescu, strada Vasile Conta, strada Vasile Alecsandri, strada Vasile Pogor, strada Lasc\u0103r Catargi, strada Gavriil Muzicescu, bulevardul \u015etefan cel Mare \u015fi Sf\u00e2nt, strada I.C. Br\u0103tianu, strada A. Panu \u015fi strada Palat. De asemenea, proiectul presupune reabilitarea trotuarelor aferente str\u0103zilor reabilitate, crearea de piste pentru bicicli\u015fti pe strada A. Panu, strada Palat \u015fi aleea M. Sadoveanu, \u00eembun\u0103t\u0103\u0163irea marcajelor rutiere, amenajarea a peste 20.000 de metri p\u0103tra\u0163i de spa\u0163ii verzi \u015fi reabilitarea liniei de tramvai de pe strada Gavriil Muzicescu \u015fi aleea Grigore Ghica Vod\u0103. La final, proiectul va preda 18 kilometri de strad\u0103 complet modernizat\u0103 \u015fi 3,6 kilometri de cale de rulare a tramvaielor. \u00cen total, se vor investi 91 milioane lei, fondurile fiind acoperite \u00een proppor\u0163ie de 98% din finan\u0163are european\u0103 nerambursabil\u0103.<\/p>\n<p style=\"text-align: justify;\">\n","protected":false},"excerpt":{"rendered":"<p>Lucr\u0103rile de reabilitare \u0219i modernizare a arterelor de circula\u021bie incluse \u00een cadrul \u201dAxei istorice \u0219i&#8230; <a class=\"meta-more\" href=\"https:\/\/infois.ro\/?p=2784\">more <span class=\"meta-nav\">&raquo;<\/span><\/a><\/p>\n","protected":false},"author":2,"featured_media":2785,"comment_status":"open","ping_status":"open","sticky":false,"template":"","format":"standard","meta":{"footnotes":""},"categories":[1,41],"tags":[74,387,40,1203],"aioseo_notices":[],"_links":{"self":[{"href":"https:\/\/infois.ro\/index.php?rest_route=\/wp\/v2\/posts\/2784"}],"collection":[{"href":"https:\/\/infois.ro\/index.php?rest_route=\/wp\/v2\/posts"}],"about":[{"href":"https:\/\/infois.ro\/index.php?rest_route=\/wp\/v2\/types\/post"}],"author":[{"embeddable":true,"href":"https:\/\/infois.ro\/index.php?rest_route=\/wp\/v2\/users\/2"}],"replies":[{"embeddable":true,"href":"https:\/\/infois.ro\/index.php?rest_route=%2Fwp%2Fv2%2Fcomments&post=2784"}],"version-history":[{"count":1,"href":"https:\/\/infois.ro\/index.php?rest_route=\/wp\/v2\/posts\/2784\/revisions"}],"predecessor-version":[{"id":2786,"href":"https:\/\/infois.ro\/index.php?rest_route=\/wp\/v2\/posts\/2784\/revisions\/2786"}],"wp:featuredmedia":[{"embeddable":true,"href":"https:\/\/infois.ro\/index.php?rest_route=\/wp\/v2\/media\/2785"}],"wp:attachment":[{"href":"https:\/\/infois.ro\/index.php?rest_route=%2Fwp%2Fv2%2Fmedia&parent=2784"}],"wp:term":[{"taxonomy":"category","embeddable":true,"href":"https:\/\/infois.ro\/index.php?rest_route=%2Fwp%2Fv2%2Fcategories&post=2784"},{"taxonomy":"post_tag","embeddable":true,"href":"https:\/\/infois.ro\/index.php?rest_route=%2Fwp%2Fv2%2Ftags&post=2784"}],"curies":[{"name":"wp","href":"https:\/\/api.w.org\/{rel}","templated":true}]}}