{"id":27865,"date":"2017-03-26T07:24:48","date_gmt":"2017-03-26T04:24:48","guid":{"rendered":"http:\/\/infois.ro\/?p=27865"},"modified":"2017-03-26T07:24:48","modified_gmt":"2017-03-26T04:24:48","slug":"26-iulie-2017-data-concursului-de-admitere-la-umf-iasi","status":"publish","type":"post","link":"https:\/\/infois.ro\/?p=27865","title":{"rendered":"26 iulie 2017 \u2013 data concursului de admitere la UMF Ia\u0219i"},"content":{"rendered":"<p style=\"text-align: justify;\"><a href=\"http:\/\/infois.ro\/wp-content\/uploads\/2013\/03\/umf.jpg\"><img loading=\"lazy\" decoding=\"async\" class=\"alignleft  wp-image-4599\" src=\"http:\/\/infois.ro\/wp-content\/uploads\/2013\/03\/umf.jpg\" alt=\"\" width=\"260\" height=\"195\" srcset=\"https:\/\/infois.ro\/wp-content\/uploads\/2013\/03\/umf.jpg 640w, https:\/\/infois.ro\/wp-content\/uploads\/2013\/03\/umf-300x225.jpg 300w\" sizes=\"(max-width: 260px) 100vw, 260px\" \/><\/a><\/p>\n<p style=\"text-align: justify;\">Universitatea de Medicin\u0103 \u0219i Farmacie (UMF) \u201cGrigore T. Popa\u201d din Ia\u0219i a stabilit calendarul concursului de admitere la studiile universitare de licen\u021b\u0103 pentru sesiunea iulie 2017. Astfel, \u00eenscrierile vor avea loc \u00een perioada 17-23 iulie, iar miercuri, 26 iulie, candida\u021bii vor sus\u021bine testul gril\u0103, cu durata de trei ore, pentru ocuparea locurilor subven\u021bionate de la bugetul de stat \u0219i a locurilor cu taxa \u00een lei.\u00a0 &#8220;Pentru acest an, universitatea a luat decizia de a restr\u00e2nge num\u0103rul manualelor din bibliografie, pentru fiecare materie de concurs aleg\u00e2ndu-se un singur manual, ca urmare a consult\u0103rilor cu cadrele didactice din Comisia de Admitere, precum \u0219i a profesorilor de biologie, fizic\u0103 \u0219i chimie, din licee din Ia\u0219i \u0219i din Moldova.\u00a0 \u00a0Clasificarea candida\u021bilor se va face \u00een ordinea descresc\u0103toare a mediei, \u00een care o pondere de 90% va avea nota ob\u021binut\u0103 la testul gril\u0103, iar 10% media de la bacalaureat&#8221;, precizeaz\u0103 reprezentan\u0163ii UMF Ia\u015fi.<\/p>\n","protected":false},"excerpt":{"rendered":"<p>Universitatea de Medicin\u0103 \u0219i Farmacie (UMF) \u201cGrigore T. Popa\u201d din Ia\u0219i a stabilit calendarul concursului&#8230; <a class=\"meta-more\" href=\"https:\/\/infois.ro\/?p=27865\">more <span class=\"meta-nav\">&raquo;<\/span><\/a><\/p>\n","protected":false},"author":2,"featured_media":4599,"comment_status":"open","ping_status":"closed","sticky":false,"template":"","format":"standard","meta":{"footnotes":""},"categories":[12,41],"tags":[74,5587,6729,362,40,245],"aioseo_notices":[],"_links":{"self":[{"href":"https:\/\/infois.ro\/index.php?rest_route=\/wp\/v2\/posts\/27865"}],"collection":[{"href":"https:\/\/infois.ro\/index.php?rest_route=\/wp\/v2\/posts"}],"about":[{"href":"https:\/\/infois.ro\/index.php?rest_route=\/wp\/v2\/types\/post"}],"author":[{"embeddable":true,"href":"https:\/\/infois.ro\/index.php?rest_route=\/wp\/v2\/users\/2"}],"replies":[{"embeddable":true,"href":"https:\/\/infois.ro\/index.php?rest_route=%2Fwp%2Fv2%2Fcomments&post=27865"}],"version-history":[{"count":1,"href":"https:\/\/infois.ro\/index.php?rest_route=\/wp\/v2\/posts\/27865\/revisions"}],"predecessor-version":[{"id":27866,"href":"https:\/\/infois.ro\/index.php?rest_route=\/wp\/v2\/posts\/27865\/revisions\/27866"}],"wp:featuredmedia":[{"embeddable":true,"href":"https:\/\/infois.ro\/index.php?rest_route=\/wp\/v2\/media\/4599"}],"wp:attachment":[{"href":"https:\/\/infois.ro\/index.php?rest_route=%2Fwp%2Fv2%2Fmedia&parent=27865"}],"wp:term":[{"taxonomy":"category","embeddable":true,"href":"https:\/\/infois.ro\/index.php?rest_route=%2Fwp%2Fv2%2Fcategories&post=27865"},{"taxonomy":"post_tag","embeddable":true,"href":"https:\/\/infois.ro\/index.php?rest_route=%2Fwp%2Fv2%2Ftags&post=27865"}],"curies":[{"name":"wp","href":"https:\/\/api.w.org\/{rel}","templated":true}]}}