{"id":27942,"date":"2017-03-30T09:41:04","date_gmt":"2017-03-30T06:41:04","guid":{"rendered":"http:\/\/infois.ro\/?p=27942"},"modified":"2017-03-30T09:41:04","modified_gmt":"2017-03-30T06:41:04","slug":"legitimatii-noi-de-calatorie-pentru-transportul-in-comun-din-municipiul-iasi-incepand-cu-1-aprilie","status":"publish","type":"post","link":"https:\/\/infois.ro\/?p=27942","title":{"rendered":"Legitima\u0163ii noi de c\u0103l\u0103torie pentru transportul \u00een comun din municipiul Ia\u015fi, \u00eencep\u00e2nd cu 1 aprilie"},"content":{"rendered":"<p style=\"text-align: justify;\"><a href=\"http:\/\/infois.ro\/wp-content\/uploads\/2017\/03\/legitimatii-pensionari.jpg\"><img loading=\"lazy\" decoding=\"async\" class=\"alignleft  wp-image-27943\" src=\"http:\/\/infois.ro\/wp-content\/uploads\/2017\/03\/legitimatii-pensionari.jpg\" alt=\"\" width=\"333\" height=\"205\" srcset=\"https:\/\/infois.ro\/wp-content\/uploads\/2017\/03\/legitimatii-pensionari.jpg 640w, https:\/\/infois.ro\/wp-content\/uploads\/2017\/03\/legitimatii-pensionari-300x185.jpg 300w\" sizes=\"(max-width: 333px) 100vw, 333px\" \/><\/a><\/p>\n<p style=\"text-align: justify;\">\u00cencep\u00e2nd cu data de 1 aprilie intr\u0103 \u00een vigoare noile legitima\u0163ii de c\u0103l\u0103torie valabile pe mijloacele de transport \u00een comun din municipiul Ia\u015fi. Acestea vor fi vizate anual \u015fi nu trimestrial, ca p\u00e2n\u0103 acum, \u015fi vor avea un termen de valabilitate de patru ani. Noile legitima\u0163ii de c\u0103l\u0103torie au fost prezentate oficial, miercuri, de primarul Mihai Chirica, \u00eentr-o conferin\u0163\u0103 de pres\u0103 desf\u0103\u015furat\u0103 la Palatul Roznovanu. &#8220;Practic, a r\u0103mas nemodificat\u0103 Hot\u0103r\u00e2rea Consiliului Local Municipal care-i prive\u015fte pe cei care beneficiaz\u0103 de aceste gratuit\u0103\u0163i pe mijloacele de transport \u00een comun. A fost \u00eens\u0103 modificat tipul de legitima\u0163ie. Viza va fi anual\u0103 \u015fi nu trimestrial\u0103, cum a fost p\u00e2n\u0103 acum. Practic, o legitima\u0163ie va fi valabil\u0103 timp de patru ani de zile, respectiv din acest an \u015fi p\u00e2n\u0103 \u00een anul 2020 inclusiv. \u00cempreun\u0103 cu colegii de la Direc\u0163ia de Eviden\u0163\u0103 a Persoanei vom \u015fti astfel cine intr\u0103 \u015fi cine iese din aceast\u0103 viz\u0103 anual\u0103, astfel \u00eenc\u00e2t s\u0103 nu avem costuri suplimentare, nejustificate. \u00cencep\u00e2nd cu data de 1 aprilie va \u00eencepe \u00eemp\u0103r\u0163irea lor, la sediul Direc\u0163iei de Asisten\u0163\u0103 Comunitar\u0103 \u015fi la Centrele de cartier ale Prim\u0103riei. \u00cen acest moment, colegii mei au \u00eenceput s\u0103 tip\u0103resc\u0103 noul model al legitima\u0163iilor de c\u0103l\u0103torie, cu nume \u015fi prenume. Nu vom mai da voie celui care elibereaz\u0103 aceste documente s\u0103 scrie cu pixul numele \u015fi prenumele persoanelor beneficiare ale acestor legitima\u0163ii. Se va pune \u015fi viza pentru acest an, dup\u0103 care Compania de Transport Public va avea obliga\u0163ia de a urm\u0103ri revizarea anual\u0103 a acestor documente&#8221;, a precizat \u015feful municipalit\u0103\u0163ii ie\u015fene.<\/p>\n","protected":false},"excerpt":{"rendered":"<p>\u00cencep\u00e2nd cu data de 1 aprilie intr\u0103 \u00een vigoare noile legitima\u0163ii de c\u0103l\u0103torie valabile pe&#8230; <a class=\"meta-more\" href=\"https:\/\/infois.ro\/?p=27942\">more <span class=\"meta-nav\">&raquo;<\/span><\/a><\/p>\n","protected":false},"author":2,"featured_media":27943,"comment_status":"open","ping_status":"closed","sticky":false,"template":"","format":"standard","meta":{"footnotes":""},"categories":[1,41],"tags":[74,40,9199,1594,982],"aioseo_notices":[],"_links":{"self":[{"href":"https:\/\/infois.ro\/index.php?rest_route=\/wp\/v2\/posts\/27942"}],"collection":[{"href":"https:\/\/infois.ro\/index.php?rest_route=\/wp\/v2\/posts"}],"about":[{"href":"https:\/\/infois.ro\/index.php?rest_route=\/wp\/v2\/types\/post"}],"author":[{"embeddable":true,"href":"https:\/\/infois.ro\/index.php?rest_route=\/wp\/v2\/users\/2"}],"replies":[{"embeddable":true,"href":"https:\/\/infois.ro\/index.php?rest_route=%2Fwp%2Fv2%2Fcomments&post=27942"}],"version-history":[{"count":1,"href":"https:\/\/infois.ro\/index.php?rest_route=\/wp\/v2\/posts\/27942\/revisions"}],"predecessor-version":[{"id":27944,"href":"https:\/\/infois.ro\/index.php?rest_route=\/wp\/v2\/posts\/27942\/revisions\/27944"}],"wp:featuredmedia":[{"embeddable":true,"href":"https:\/\/infois.ro\/index.php?rest_route=\/wp\/v2\/media\/27943"}],"wp:attachment":[{"href":"https:\/\/infois.ro\/index.php?rest_route=%2Fwp%2Fv2%2Fmedia&parent=27942"}],"wp:term":[{"taxonomy":"category","embeddable":true,"href":"https:\/\/infois.ro\/index.php?rest_route=%2Fwp%2Fv2%2Fcategories&post=27942"},{"taxonomy":"post_tag","embeddable":true,"href":"https:\/\/infois.ro\/index.php?rest_route=%2Fwp%2Fv2%2Ftags&post=27942"}],"curies":[{"name":"wp","href":"https:\/\/api.w.org\/{rel}","templated":true}]}}