{"id":27984,"date":"2017-03-31T11:59:38","date_gmt":"2017-03-31T08:59:38","guid":{"rendered":"http:\/\/infois.ro\/?p=27984"},"modified":"2017-03-31T11:59:38","modified_gmt":"2017-03-31T08:59:38","slug":"exercitii-demonstrative-si-expozitie-de-tehnica-de-interventie-cu-prilejul-zilei-jandarmeriei-romane","status":"publish","type":"post","link":"https:\/\/infois.ro\/?p=27984","title":{"rendered":"Exerci\u0163ii demonstrative \u015fi expozi\u0163ie de tehnic\u0103 de interven\u0163ie, cu prilejul Zilei Jandarmeriei Rom\u00e2ne"},"content":{"rendered":"<p style=\"text-align: justify;\"><a href=\"http:\/\/infois.ro\/wp-content\/uploads\/2017\/03\/ziua-jandarmeriei.jpg\"><img loading=\"lazy\" decoding=\"async\" class=\"alignleft  wp-image-27985\" src=\"http:\/\/infois.ro\/wp-content\/uploads\/2017\/03\/ziua-jandarmeriei.jpg\" alt=\"\" width=\"285\" height=\"285\" srcset=\"https:\/\/infois.ro\/wp-content\/uploads\/2017\/03\/ziua-jandarmeriei.jpg 640w, https:\/\/infois.ro\/wp-content\/uploads\/2017\/03\/ziua-jandarmeriei-150x150.jpg 150w, https:\/\/infois.ro\/wp-content\/uploads\/2017\/03\/ziua-jandarmeriei-300x300.jpg 300w, https:\/\/infois.ro\/wp-content\/uploads\/2017\/03\/ziua-jandarmeriei-80x80.jpg 80w, https:\/\/infois.ro\/wp-content\/uploads\/2017\/03\/ziua-jandarmeriei-100x100.jpg 100w\" sizes=\"(max-width: 285px) 100vw, 285px\" \/><\/a><\/p>\n<p style=\"text-align: justify;\">Cu prilejul Zilei Jandarmeriei Rom\u00e2ne, care este s\u0103rb\u0103t\u0103torit\u0103 \u00een fiecare an pe 3 aprilie, Inspectoratul de Jandarmi Jude\u021bean (IJJ) Ia\u0219i organizeaz\u0103 duminic\u0103, 2 aprilie, \u00eentre orele 11.00 \u2013 14.00, pe pietonalul \u0218tefan cel Mare \u015fi Sf\u00e2nt, o prezentare a mijloacelor de protec\u021bie \u0219i interven\u021bie, iar cei care doresc, vor avea posibilitatea de a se echipa cu o parte din \u021binuta de interven\u021bie. De asemenea, luni, 3 aprilie, \u00eentre orele 11.00 \u2013 12.00, la sediul Inspectoratului de Jandarmi Jude\u0163ean Ia\u015fi va fi organizat\u0103 &#8220;ZIUA POR\u0162ILOR DESCHISE&#8221;, la activitate fiind invita\u021bi elevi de la mai multe institu\u021bii de \u00eenv\u0103\u021b\u0103m\u00e2nt din Ia\u0219i. Cu acest prilej fi prezentate exerci\u0163ii demonstrative de interven\u021bie \u0219i cu c\u00e2inii de serviciu, va fi expus\u0103 tehnica de interven\u0163ie \u015fi va putea fi vizitat muzeul unit\u0103\u0163ii. \u00cen acest an se \u00eemplinesc 167 de ani de c\u00e2nd Domnul Moldovei Grigore Alexandru Ghica a aprobat Hot\u0103r\u00e2rea Divanului Ob\u015ftesc, semn\u00e2nd &#8220;Legiuirea pentru reformarea Corpului slujitorilor \u00een jandarmi&#8221;. Prin aceasta lege s-a dat statut juridic armei Jandarmeriei, i s-au stabilit principiile de organizare \u0219i func\u021bionare, acesta act reprezent\u00e2nd documentul oficial de \u00eenfiin\u0163are a institu\u0163iei. &#8220;De la \u00eenceputurile sale \u015fi p\u00e2n\u0103 \u00een prezent Jandarmeria \u015fi-a p\u0103strat rolul s\u0103u ca for\u0163\u0103 de ordine public\u0103 sigur\u0103 \u015fi stabil\u0103, prin misiunile efectuate jandarmii aduc\u00e2ndu-\u015fi aportul la instaurarea \u00een societatea rom\u00e2neasc\u0103 a sentimentului de siguran\u0163\u0103 civic\u0103, at\u00e2t de important pentru fiecare individ \u00een parte, dar\u00a0 \u015fi la nivelul colectivit\u0103\u0163ii \u00een ansamblu. Ast\u0103zi, Jandarmeria Rom\u00e2n\u0103 desf\u0103\u015foar\u0103 misiuni de asigurare \u015fi restabilire a ordinii publice, misiuni de protec\u0163ie institu\u0163ional\u0103, paza unor obiective de importan\u0163\u0103 deosebit\u0103, ac\u0163ioneaz\u0103 \u00een cooperare \u015fi \u00een sprijinul altor institu\u0163ii&#8221;, se precizeaz\u0103 \u00eentr-un comunicat de pres\u0103 al IJJ Ia\u015fi.<\/p>\n","protected":false},"excerpt":{"rendered":"<p>Cu prilejul Zilei Jandarmeriei Rom\u00e2ne, care este s\u0103rb\u0103t\u0103torit\u0103 \u00een fiecare an pe 3 aprilie, Inspectoratul&#8230; <a class=\"meta-more\" href=\"https:\/\/infois.ro\/?p=27984\">more <span class=\"meta-nav\">&raquo;<\/span><\/a><\/p>\n","protected":false},"author":2,"featured_media":27985,"comment_status":"open","ping_status":"closed","sticky":false,"template":"","format":"standard","meta":{"footnotes":""},"categories":[1,41],"tags":[74,4993,9204,40,9205],"aioseo_notices":[],"_links":{"self":[{"href":"https:\/\/infois.ro\/index.php?rest_route=\/wp\/v2\/posts\/27984"}],"collection":[{"href":"https:\/\/infois.ro\/index.php?rest_route=\/wp\/v2\/posts"}],"about":[{"href":"https:\/\/infois.ro\/index.php?rest_route=\/wp\/v2\/types\/post"}],"author":[{"embeddable":true,"href":"https:\/\/infois.ro\/index.php?rest_route=\/wp\/v2\/users\/2"}],"replies":[{"embeddable":true,"href":"https:\/\/infois.ro\/index.php?rest_route=%2Fwp%2Fv2%2Fcomments&post=27984"}],"version-history":[{"count":1,"href":"https:\/\/infois.ro\/index.php?rest_route=\/wp\/v2\/posts\/27984\/revisions"}],"predecessor-version":[{"id":27986,"href":"https:\/\/infois.ro\/index.php?rest_route=\/wp\/v2\/posts\/27984\/revisions\/27986"}],"wp:featuredmedia":[{"embeddable":true,"href":"https:\/\/infois.ro\/index.php?rest_route=\/wp\/v2\/media\/27985"}],"wp:attachment":[{"href":"https:\/\/infois.ro\/index.php?rest_route=%2Fwp%2Fv2%2Fmedia&parent=27984"}],"wp:term":[{"taxonomy":"category","embeddable":true,"href":"https:\/\/infois.ro\/index.php?rest_route=%2Fwp%2Fv2%2Fcategories&post=27984"},{"taxonomy":"post_tag","embeddable":true,"href":"https:\/\/infois.ro\/index.php?rest_route=%2Fwp%2Fv2%2Ftags&post=27984"}],"curies":[{"name":"wp","href":"https:\/\/api.w.org\/{rel}","templated":true}]}}