{"id":28226,"date":"2017-04-12T05:33:46","date_gmt":"2017-04-12T02:33:46","guid":{"rendered":"http:\/\/infois.ro\/?p=28226"},"modified":"2017-04-12T05:33:46","modified_gmt":"2017-04-12T02:33:46","slug":"17-firme-se-bat-pentru-a-aduce-autobuze-noi-la-iasi","status":"publish","type":"post","link":"https:\/\/infois.ro\/?p=28226","title":{"rendered":"17 firme se &#8220;bat&#8221; pentru a aduce autobuze noi la Ia\u015fi"},"content":{"rendered":"<p style=\"text-align: justify;\"><a href=\"http:\/\/infois.ro\/wp-content\/uploads\/2016\/07\/autobuz.jpg\"><img loading=\"lazy\" decoding=\"async\" class=\"alignleft  wp-image-24239\" src=\"http:\/\/infois.ro\/wp-content\/uploads\/2016\/07\/autobuz.jpg\" alt=\"\" width=\"317\" height=\"190\" srcset=\"https:\/\/infois.ro\/wp-content\/uploads\/2016\/07\/autobuz.jpg 640w, https:\/\/infois.ro\/wp-content\/uploads\/2016\/07\/autobuz-300x179.jpg 300w\" sizes=\"(max-width: 317px) 100vw, 317px\" \/><\/a><\/p>\n<p style=\"text-align: justify;\">Nu mai pu\u0163in de 17 firme \u015fi-au anun\u0163at p\u00e2n\u0103 acum inten\u0163ia de a participa la licita\u0163ia care va fi organizat\u0103 de municipalitate \u00een vederea achizi\u0163ion\u0103rii de autobuze noi. Anun\u0163ul oficial privind organizarea licita\u0163iei a fost publicat pe data de 27 martie, organizatorii av\u00e2nd la dispozi\u0163ie o perioad\u0103 de 30 de zile pentru eventualele modific\u0103ri aduse caietului de sarcini, dup\u0103 care urm\u0103toarele 15 zile sunt destinate depunerii ofertelor de c\u0103tre firmele interesate. Printre specifica\u0163iile tehnice ale autobuzelor, stipulate \u00een caietul de sarcini, se num\u0103r\u0103 ca acestea s\u0103 aib\u0103 norma de poluare EURO 6, capacitatea cilindric\u0103 cuprins\u0103 \u00eentre 6.300 \u015fi 9.000 de cm cubi, lungimea de 12 metri, s\u0103 fie dotate cu instala\u0163ii de \u00eenc\u0103lzire\/aer condi\u0163ionat \u015fi ramp\u0103 pentru urcarea\/debarcarea persoanelor cu handicap \u015fi s\u0103 aib\u0103 o capacitate de minimum 90 de locuri \u00een picioare \u015fi minimum 25 de locuri pe scaunde. Pentru achizi\u0163ionarea celor 75 de autobuze noi, Prim\u0103ria municipiului Ia\u015fi a \u00eencheiat un contract de \u00eemprumut cu Banca European\u0103 pentru Reconstruc\u0163ie \u015fi Dezvoltare (BERD) \u00een valoare de 15 milioane de euro (67,5 milioane de lei). \u00cemprumutul are o perioad\u0103 de gra\u0163ie de doi ani \u015fi un termen de rambursare de zece ani, la o dob\u00e2nd\u0103 de 1,3% pe an.<\/p>\n<p style=\"text-align: justify;\"><em>\u00a0<\/em><\/p>\n","protected":false},"excerpt":{"rendered":"<p>Nu mai pu\u0163in de 17 firme \u015fi-au anun\u0163at p\u00e2n\u0103 acum inten\u0163ia de a participa la&#8230; <a class=\"meta-more\" href=\"https:\/\/infois.ro\/?p=28226\">more <span class=\"meta-nav\">&raquo;<\/span><\/a><\/p>\n","protected":false},"author":2,"featured_media":24239,"comment_status":"open","ping_status":"closed","sticky":false,"template":"","format":"standard","meta":{"footnotes":""},"categories":[1,41],"tags":[74,665,867,40,1885,846],"aioseo_notices":[],"_links":{"self":[{"href":"https:\/\/infois.ro\/index.php?rest_route=\/wp\/v2\/posts\/28226"}],"collection":[{"href":"https:\/\/infois.ro\/index.php?rest_route=\/wp\/v2\/posts"}],"about":[{"href":"https:\/\/infois.ro\/index.php?rest_route=\/wp\/v2\/types\/post"}],"author":[{"embeddable":true,"href":"https:\/\/infois.ro\/index.php?rest_route=\/wp\/v2\/users\/2"}],"replies":[{"embeddable":true,"href":"https:\/\/infois.ro\/index.php?rest_route=%2Fwp%2Fv2%2Fcomments&post=28226"}],"version-history":[{"count":1,"href":"https:\/\/infois.ro\/index.php?rest_route=\/wp\/v2\/posts\/28226\/revisions"}],"predecessor-version":[{"id":28227,"href":"https:\/\/infois.ro\/index.php?rest_route=\/wp\/v2\/posts\/28226\/revisions\/28227"}],"wp:featuredmedia":[{"embeddable":true,"href":"https:\/\/infois.ro\/index.php?rest_route=\/wp\/v2\/media\/24239"}],"wp:attachment":[{"href":"https:\/\/infois.ro\/index.php?rest_route=%2Fwp%2Fv2%2Fmedia&parent=28226"}],"wp:term":[{"taxonomy":"category","embeddable":true,"href":"https:\/\/infois.ro\/index.php?rest_route=%2Fwp%2Fv2%2Fcategories&post=28226"},{"taxonomy":"post_tag","embeddable":true,"href":"https:\/\/infois.ro\/index.php?rest_route=%2Fwp%2Fv2%2Ftags&post=28226"}],"curies":[{"name":"wp","href":"https:\/\/api.w.org\/{rel}","templated":true}]}}