{"id":28289,"date":"2017-04-14T06:16:12","date_gmt":"2017-04-14T03:16:12","guid":{"rendered":"http:\/\/infois.ro\/?p=28289"},"modified":"2017-04-14T06:16:12","modified_gmt":"2017-04-14T03:16:12","slug":"licitatia-pentru-modernizarea-drumurilor-judetene-programata-pentru-inceputul-lunii-septembrie","status":"publish","type":"post","link":"https:\/\/infois.ro\/?p=28289","title":{"rendered":"Licita\u0163ia pentru modernizarea drumurilor jude\u0163ene, programat\u0103 pentru \u00eenceputul lunii septembrie"},"content":{"rendered":"<p style=\"text-align: justify;\"><a href=\"http:\/\/infois.ro\/wp-content\/uploads\/2013\/11\/asfaltare.jpg\"><img loading=\"lazy\" decoding=\"async\" class=\"alignleft  wp-image-8342\" src=\"http:\/\/infois.ro\/wp-content\/uploads\/2013\/11\/asfaltare.jpg\" alt=\"\" width=\"390\" height=\"162\" srcset=\"https:\/\/infois.ro\/wp-content\/uploads\/2013\/11\/asfaltare.jpg 640w, https:\/\/infois.ro\/wp-content\/uploads\/2013\/11\/asfaltare-300x125.jpg 300w\" sizes=\"(max-width: 390px) 100vw, 390px\" \/><\/a><\/p>\n<p style=\"text-align: justify;\">Pre\u015fedintele Consiliului Jude\u0163ean (CJ) Ia\u015fi, Maricel Popa, a anun\u0163at c\u0103 procedura de proiectare \u015fi de ob\u0163inere a avizelor necesare pentru \u00eenceperea lucr\u0103rilor de modernizare a drumurilor jude\u0163ene pentru cele opt sub-axe de transport incluse \u00een Master Planul privind reabilitarea \u0219i modernizarea drumurilor jude\u021bene \u0219i comunale vor fi finalizate p\u00e2n\u0103 cel mai t\u00e2rziu \u00een luna august, urm\u00e2nd ca \u00een luna septembrie s\u0103 fie organizat\u0103 licita\u0163ia pentru desemnarea firmelor care vor executa aceste lucr\u0103ri. &#8220;Licita\u0163ia pentru lucr\u0103rile de proiectare a drumurilor care fac parte din cele opt sub-axe, care \u00eensumeaz\u0103 peste 200 de kilometri, a demarat \u00een aceast\u0103 s\u0103pt\u0103m\u00e2n\u0103, \u00een paralel cu ac\u0163iunea de avizare a documenta\u0163iilor. P\u00e2n\u0103 la sf\u00e2r\u015fitul lunii august ne-am propus s\u0103 finaliz\u0103m aceast\u0103 ac\u0163iune, astfel \u00eenc\u00e2t la \u00eenceputul lunii septembrie s\u0103 d\u0103m drumul la licita\u0163ia pentru desemnarea firmelor care vor executa lucr\u0103rile&#8221;, a afirmat Maricel Popa, care a precizat c\u0103, cel mai probabil, lucr\u0103rile de reabilitare \u015fi modernizare a drumurilor jude\u0163ene vor \u00eencepe \u00een luna martie a anului viitor. Master Planul de modernizare a drumurilor jude\u0163ene, document inclus \u00een Strategia de Dezvoltare Economic\u0103 \u0219i Social\u0103 a jude\u021bului Ia\u0219i pentru perioada 2014-2020, include pe l\u00e2ng\u0103 cele trei axe prioritare \u0219i un num\u0103r de opt \u201dsub-axe\u201d, prin care se urm\u0103re\u0219te reabilitarea \u0219i modernizarea unor tronsoane de drum, neincluse ini\u021bial \u00een document. Cele trei axe rutiere prioritare, incluse \u00een Master plan, sunt urm\u0103toarele: Axa I, \u00een lungime de 94 kilometri, care cuprinde tronsonul Ia\u015fi \u2013 Movileni \u2013 Gropni\u0163a \u2013 Coarnele Caprei \u2013 Belce\u015fti \u2013 Scobin\u0163i \u2013 Sire\u0163el \u2013 Lespezi, Axa 2, cu o lungime de 70 kilometri, care include tronsonul Ia\u015fi \u2013 Miroslava \u2013 \u0162ibana \u2013 \u0162ib\u0103ne\u015fti \u2013 Tansa \u2013 Dag\u00e2\u0163a, cu ie\u015firi din \u0162ib\u0103ne\u015fti spre Vaslui \u015fi din Dag\u00e2\u0163a, prin Piscu Rusului, spre Neam\u0163 \u0219i, respectiv, Axa 3, \u00een lungime de 60 de kilometri, care reprezint\u0103, practic, centura u\u015foar\u0103 a municipiului Ia\u015fi, adic\u0103 drumul Popricani \u2013Movileni \u2013 Le\u0163cani \u2013 Voine\u015fti \u2013 Mogo\u015fe\u015fti \u2013 Ciurea \u2013 B\u00e2rnova \u2013 Tome\u015fti \u2013 Holboca\u201d. \u00a0\u00cen total sunt prev\u0103zu\u0163i a fi moderniza\u0163i circa 350 de kilometri de drumuri jude\u021bene, dintr-un total de o mie de kilometri, c\u00e2t num\u0103r\u0103 lungimea total\u0103 a drumurilor din jude\u021bul Ia\u015fi.<\/p>\n","protected":false},"excerpt":{"rendered":"<p>Pre\u015fedintele Consiliului Jude\u0163ean (CJ) Ia\u015fi, Maricel Popa, a anun\u0163at c\u0103 procedura de proiectare \u015fi de&#8230; <a class=\"meta-more\" href=\"https:\/\/infois.ro\/?p=28289\">more <span class=\"meta-nav\">&raquo;<\/span><\/a><\/p>\n","protected":false},"author":2,"featured_media":8342,"comment_status":"open","ping_status":"closed","sticky":false,"template":"","format":"standard","meta":{"footnotes":""},"categories":[1,41],"tags":[74,40,846,3682,8437,4757],"aioseo_notices":[],"_links":{"self":[{"href":"https:\/\/infois.ro\/index.php?rest_route=\/wp\/v2\/posts\/28289"}],"collection":[{"href":"https:\/\/infois.ro\/index.php?rest_route=\/wp\/v2\/posts"}],"about":[{"href":"https:\/\/infois.ro\/index.php?rest_route=\/wp\/v2\/types\/post"}],"author":[{"embeddable":true,"href":"https:\/\/infois.ro\/index.php?rest_route=\/wp\/v2\/users\/2"}],"replies":[{"embeddable":true,"href":"https:\/\/infois.ro\/index.php?rest_route=%2Fwp%2Fv2%2Fcomments&post=28289"}],"version-history":[{"count":1,"href":"https:\/\/infois.ro\/index.php?rest_route=\/wp\/v2\/posts\/28289\/revisions"}],"predecessor-version":[{"id":28290,"href":"https:\/\/infois.ro\/index.php?rest_route=\/wp\/v2\/posts\/28289\/revisions\/28290"}],"wp:featuredmedia":[{"embeddable":true,"href":"https:\/\/infois.ro\/index.php?rest_route=\/wp\/v2\/media\/8342"}],"wp:attachment":[{"href":"https:\/\/infois.ro\/index.php?rest_route=%2Fwp%2Fv2%2Fmedia&parent=28289"}],"wp:term":[{"taxonomy":"category","embeddable":true,"href":"https:\/\/infois.ro\/index.php?rest_route=%2Fwp%2Fv2%2Fcategories&post=28289"},{"taxonomy":"post_tag","embeddable":true,"href":"https:\/\/infois.ro\/index.php?rest_route=%2Fwp%2Fv2%2Ftags&post=28289"}],"curies":[{"name":"wp","href":"https:\/\/api.w.org\/{rel}","templated":true}]}}