{"id":28391,"date":"2017-04-23T19:57:43","date_gmt":"2017-04-23T16:57:43","guid":{"rendered":"http:\/\/infois.ro\/?p=28391"},"modified":"2017-04-23T22:03:20","modified_gmt":"2017-04-23T19:03:20","slug":"eveniment-dedicat-eficientei-energetice-organizat-de-cci-iasi","status":"publish","type":"post","link":"https:\/\/infois.ro\/?p=28391","title":{"rendered":"Eveniment dedicat eficien\u0163ei energetice, organizat la Ia\u015fi"},"content":{"rendered":"<p style=\"text-align: justify;\"><a href=\"http:\/\/infois.ro\/wp-content\/uploads\/2017\/04\/energie-1.jpg\"><img loading=\"lazy\" decoding=\"async\" class=\"alignleft wp-image-28392\" src=\"http:\/\/infois.ro\/wp-content\/uploads\/2017\/04\/energie-1.jpg\" alt=\"\" width=\"377\" height=\"296\" srcset=\"https:\/\/infois.ro\/wp-content\/uploads\/2017\/04\/energie-1.jpg 640w, https:\/\/infois.ro\/wp-content\/uploads\/2017\/04\/energie-1-300x236.jpg 300w\" sizes=\"(max-width: 377px) 100vw, 377px\" \/><\/a><\/p>\n<p style=\"text-align: justify;\">Camera de Comert \u015fi Industrie (CCI) Ia\u015fi, \u00een calitate de partener-suport al ENERGYNOMICS.RO, anun\u0163\u0103 organizarea la Ia\u015fi a unui eveniment dedicat eficien\u0163ei energetice, intitulat: \u201eAc\u0163iuni pentru un consum sustenabil de energie\u201d. \u00a0Evenimentul se va desf\u0103\u015fura mar\u0163i, 25 aprilie, \u00een cadrul Palas Congress Hall &#8211; Sala Rossini \u015fi \u00ee\u015fi propune s\u0103 creasc\u0103 nivelul de con\u0219tientizare \u015fi de \u00een\u0163elegere asupra a ceea ce este \u015fi a modului \u00een care se poate \u00eembun\u0103t\u0103\u0163i eficien\u021ba energetic\u0103. Firmele interesate \u015fi consumatorii finali, inclusiv autorit\u0103\u0163ile publice locale, vor beneficia de informa\u0163ii la zi cu privire la beneficiile reale \u015fi tangibile ale reducerii consumului de energie. &#8220;La eveniment au fost invita\u0163i peste o sut\u0103 de exper\u0163i din sectorul energetic, factori de decizie din autorit\u0103\u0163ile publice, precum \u015fi din companii &#8211; de la start-up-uri \u015fi p\u00e2n\u0103 la \u00eentreprinderi mari &#8211; care se vor angrena \u00eentr-un dialog deschis pe subiecte precum: legisla\u0163ia \u015fi reglement\u0103rile privind eficien\u0163a energetic\u0103, finan\u0163area pentru proiecte de eficien\u0163\u0103 energetic\u0103 \u015fi sprijin pentru autorit\u0103\u0163ile publice \u015fi IMM-uri&#8221;, precizeaz\u0103 organizatorii \u00eentr-un comunicat de pres\u0103. Printre temele abordate, se num\u0103r\u0103: servicii energetice: prevederile legale \u015fi solu\u0163ii pentru stimularea pie\u0163ei serviciilor energetice, echilibrare \u015fi flexibilitate energetic\u0103, informarea consumatorilor: aspect vital \u00een promovarea eficien\u0163ei energetice, centrale termice \u015fi \u00eenc\u0103lzire: evaluarea poten\u0163ialului de cre\u015ftere a eficien\u0163ei \u00een cogenerare \u015fi \u00eenc\u0103lzire centralizat\u0103, obliga\u0163ii, audituri \u015fi monitorizare: op\u0163iuni de implementare \u015fi probleme privind monitorizarea, planuri de ac\u0163iune na\u0163ionale pentru eficien\u0163\u0103 energetic\u0103: mobilitatea electric\u0103, ini\u0163iative locale. \u00a0Speakeri invita\u0163i: Mihai Chirica (primarul Municipiului Ia\u015fi), Nicolae Dordea (manager \u00een cadrul ENGIE Rom\u00e2nia), C\u0103t\u0103lin Marius Lepinzean (manager \u00een cadrul Phoenix Contact), Nicoleta Ion (din cadrul Enero) \u015fi Cristian S\u00eerbu (director regional Eximbank). \u00a0Participarea la eveniment este gratuit\u0103, dar condi\u0163ionat\u0103 de confirmare prealabil\u0103. Persoanele interesate sunt \u00eendemnate s\u0103 se \u00eenscrie urm\u00e2nd linkul postat pe <a href=\"http:\/\/www.cciasi.ro\/\">www.cciasi.ro<\/a> sau direct pe <a href=\"http:\/\/www.energynomics.ro\/ro\/eveniment-energynomics\/actiuni-pentru-un-consum-sustenabil-de-energie-25-aprilie-iasi\/\">http:\/\/www.energynomics.ro\/ro\/eveniment-energynomics\/actiuni-pentru-un-consum-sustenabil-de-energie-25-aprilie-iasi\/<\/a>. Evenimentul face parte din campania de comunicare \u201eEficien\u0163\u0103 energetic\u0103 pentru rezultate care conteaz\u0103\u201d, care va continua la Cluj-Napoca (18 mai) \u015fi Timi\u015foara (22 iunie). Evenimentul este recomandat inclusiv de Autoritatea Na\u0163ional\u0103 de Reglementare \u00een domeniul Energiei (ANRE) \u015fi este organizat \u00een cadrul proiectului Start2Act, finan\u0163at prin Programul de cercetare al Uniunii Europene ORIZONT 2020.<\/p>\n<p>&nbsp;<\/p>\n","protected":false},"excerpt":{"rendered":"<p>Camera de Comert \u015fi Industrie (CCI) Ia\u015fi, \u00een calitate de partener-suport al ENERGYNOMICS.RO, anun\u0163\u0103 organizarea&#8230; <a class=\"meta-more\" href=\"https:\/\/infois.ro\/?p=28391\">more <span class=\"meta-nav\">&raquo;<\/span><\/a><\/p>\n","protected":false},"author":2,"featured_media":28392,"comment_status":"open","ping_status":"closed","sticky":false,"template":"","format":"standard","meta":{"footnotes":""},"categories":[6,41],"tags":[74,926,3378,40,3112],"aioseo_notices":[],"_links":{"self":[{"href":"https:\/\/infois.ro\/index.php?rest_route=\/wp\/v2\/posts\/28391"}],"collection":[{"href":"https:\/\/infois.ro\/index.php?rest_route=\/wp\/v2\/posts"}],"about":[{"href":"https:\/\/infois.ro\/index.php?rest_route=\/wp\/v2\/types\/post"}],"author":[{"embeddable":true,"href":"https:\/\/infois.ro\/index.php?rest_route=\/wp\/v2\/users\/2"}],"replies":[{"embeddable":true,"href":"https:\/\/infois.ro\/index.php?rest_route=%2Fwp%2Fv2%2Fcomments&post=28391"}],"version-history":[{"count":2,"href":"https:\/\/infois.ro\/index.php?rest_route=\/wp\/v2\/posts\/28391\/revisions"}],"predecessor-version":[{"id":28395,"href":"https:\/\/infois.ro\/index.php?rest_route=\/wp\/v2\/posts\/28391\/revisions\/28395"}],"wp:featuredmedia":[{"embeddable":true,"href":"https:\/\/infois.ro\/index.php?rest_route=\/wp\/v2\/media\/28392"}],"wp:attachment":[{"href":"https:\/\/infois.ro\/index.php?rest_route=%2Fwp%2Fv2%2Fmedia&parent=28391"}],"wp:term":[{"taxonomy":"category","embeddable":true,"href":"https:\/\/infois.ro\/index.php?rest_route=%2Fwp%2Fv2%2Fcategories&post=28391"},{"taxonomy":"post_tag","embeddable":true,"href":"https:\/\/infois.ro\/index.php?rest_route=%2Fwp%2Fv2%2Ftags&post=28391"}],"curies":[{"name":"wp","href":"https:\/\/api.w.org\/{rel}","templated":true}]}}