{"id":28467,"date":"2017-04-28T06:06:19","date_gmt":"2017-04-28T03:06:19","guid":{"rendered":"http:\/\/infois.ro\/?p=28467"},"modified":"2017-04-28T06:06:19","modified_gmt":"2017-04-28T03:06:19","slug":"delegatie-a-comisiei-europene-in-vizita-la-primaria-iasi","status":"publish","type":"post","link":"https:\/\/infois.ro\/?p=28467","title":{"rendered":"Delega\u021bie a Comisiei Europene, \u00een vizit\u0103 la Prim\u0103ria Ia\u0219i"},"content":{"rendered":"<p style=\"text-align: justify;\"><a href=\"http:\/\/infois.ro\/wp-content\/uploads\/2014\/04\/primaria-Iasi.jpg\"><img loading=\"lazy\" decoding=\"async\" class=\"alignleft  wp-image-10848\" src=\"http:\/\/infois.ro\/wp-content\/uploads\/2014\/04\/primaria-Iasi.jpg\" alt=\"\" width=\"289\" height=\"217\" srcset=\"https:\/\/infois.ro\/wp-content\/uploads\/2014\/04\/primaria-Iasi.jpg 600w, https:\/\/infois.ro\/wp-content\/uploads\/2014\/04\/primaria-Iasi-300x225.jpg 300w\" sizes=\"(max-width: 289px) 100vw, 289px\" \/><\/a><\/p>\n<p style=\"text-align: justify;\">Prim\u0103ria municipiului Ia\u0219i va g\u0103zdui vineri, 28 aprilie, \u00eencep\u00e2nd cu ora 10.00, \u00een Sala \u201eVasile Pogor\u201d, o \u00eent\u00e2lnire de lucru \u00eentre membrii delega\u0163iei Comisiei Europene, condus\u0103 de Carsten Rasmussen \u2013 \u015eeful Unit\u0103\u0163ii pentru Romania, Direc\u0163ia General\u0103 Politic\u0103 Regional\u0103 \u015fi Urban\u0103, \u015fi reprezentan\u0163i ai autorit\u0103\u021bilor administra\u021biei publice locale. Potrivit Biroului de pres\u0103 al Prim\u0103riei, evenimentul se desf\u0103\u015foar\u0103 \u00een cadrul Misiunii Delega\u0163iei Comisiei Europene \u00een Regiunea Nord-Est. Cu acest prilej, reprezentan\u0163ii Comisiei \u00ee\u015fi propun s\u0103 discute aplicat cu reprezentan\u0163ii administra\u0163iei publice locale, ai mediului academic \u015fi ai sistemului antreprenorial. Tematica abordat\u0103 la Palatul Roznovanu este Dezvoltare urban\u0103 \u2013 rolul Polului de cre\u015ftere Ia\u015fi \u00een dezvoltarea regional\u0103: prezentare viziune\/obiective strategice \u015fi inten\u0163ii de proiecte pentru perioada 2014-2023; probleme \u00eent\u00e2mpinate \u015fi solu\u0163ii propuse. Evenimentul va fi prezidat de c\u0103tre Vasile Asandei, directorul general al Agen\u0163iei de Dezvoltare Regional\u0103 Nord-Est (ADRNE).<\/p>\n","protected":false},"excerpt":{"rendered":"<p>Prim\u0103ria municipiului Ia\u0219i va g\u0103zdui vineri, 28 aprilie, \u00eencep\u00e2nd cu ora 10.00, \u00een Sala \u201eVasile&#8230; <a class=\"meta-more\" href=\"https:\/\/infois.ro\/?p=28467\">more <span class=\"meta-nav\">&raquo;<\/span><\/a><\/p>\n","protected":false},"author":2,"featured_media":10848,"comment_status":"open","ping_status":"closed","sticky":false,"template":"","format":"standard","meta":{"footnotes":""},"categories":[1,41],"tags":[74,986,4955,5249,40],"aioseo_notices":[],"_links":{"self":[{"href":"https:\/\/infois.ro\/index.php?rest_route=\/wp\/v2\/posts\/28467"}],"collection":[{"href":"https:\/\/infois.ro\/index.php?rest_route=\/wp\/v2\/posts"}],"about":[{"href":"https:\/\/infois.ro\/index.php?rest_route=\/wp\/v2\/types\/post"}],"author":[{"embeddable":true,"href":"https:\/\/infois.ro\/index.php?rest_route=\/wp\/v2\/users\/2"}],"replies":[{"embeddable":true,"href":"https:\/\/infois.ro\/index.php?rest_route=%2Fwp%2Fv2%2Fcomments&post=28467"}],"version-history":[{"count":1,"href":"https:\/\/infois.ro\/index.php?rest_route=\/wp\/v2\/posts\/28467\/revisions"}],"predecessor-version":[{"id":28468,"href":"https:\/\/infois.ro\/index.php?rest_route=\/wp\/v2\/posts\/28467\/revisions\/28468"}],"wp:featuredmedia":[{"embeddable":true,"href":"https:\/\/infois.ro\/index.php?rest_route=\/wp\/v2\/media\/10848"}],"wp:attachment":[{"href":"https:\/\/infois.ro\/index.php?rest_route=%2Fwp%2Fv2%2Fmedia&parent=28467"}],"wp:term":[{"taxonomy":"category","embeddable":true,"href":"https:\/\/infois.ro\/index.php?rest_route=%2Fwp%2Fv2%2Fcategories&post=28467"},{"taxonomy":"post_tag","embeddable":true,"href":"https:\/\/infois.ro\/index.php?rest_route=%2Fwp%2Fv2%2Ftags&post=28467"}],"curies":[{"name":"wp","href":"https:\/\/api.w.org\/{rel}","templated":true}]}}