{"id":28481,"date":"2017-04-28T15:14:49","date_gmt":"2017-04-28T12:14:49","guid":{"rendered":"http:\/\/infois.ro\/?p=28481"},"modified":"2017-04-28T15:14:49","modified_gmt":"2017-04-28T12:14:49","slug":"incep-lucrarile-de-asfaltare-a-strazii-sf-petru-movila","status":"publish","type":"post","link":"https:\/\/infois.ro\/?p=28481","title":{"rendered":"\u00cencep lucr\u0103rile de asfaltare a str\u0103zii Sf. Petru Movil\u0103"},"content":{"rendered":"<p style=\"text-align: justify;\"><a href=\"http:\/\/infois.ro\/wp-content\/uploads\/2017\/04\/asfaltare.jpg\"><img loading=\"lazy\" decoding=\"async\" class=\"alignleft  wp-image-28482\" src=\"http:\/\/infois.ro\/wp-content\/uploads\/2017\/04\/asfaltare.jpg\" alt=\"\" width=\"506\" height=\"242\" srcset=\"https:\/\/infois.ro\/wp-content\/uploads\/2017\/04\/asfaltare.jpg 640w, https:\/\/infois.ro\/wp-content\/uploads\/2017\/04\/asfaltare-300x143.jpg 300w\" sizes=\"(max-width: 506px) 100vw, 506px\" \/><\/a><\/p>\n<p style=\"text-align: justify;\">\u00cen cursul zilelor de luni, 1 mai, \u015fi mar\u021bi, 2 mai, vor avea loc lucr\u0103ri de asfaltare a str. Sf. Petru Movil\u0103. \u00cen acest context, cu acordul \u0219i sprijinul Biroului Rutier din cadrul Poli\u021biei Municipiului Ia\u0219i, municipalitatea va impune o serie restric\u021bii de circula\u021bie. Astfel, dup\u0103 cum informeaz\u0103 \u00eentr-un comunicat Biroul de pres\u0103 al Prim\u0103rie, luni, 1 mai, traficul rutier va fi \u00eenchis pe strada Petru Movil\u0103, pe tronsonul str. G\u0103rii &#8211; std. Varianta Sf. Petru Movil\u0103, \u00eentre orele 8.00 \u0219i 20.00, iar mar\u021bi, 2 mai, \u00een acela\u0219i interval orar, pe tronsonul str. G\u0103rii &#8211; std. Varianta Sf. Petru Movil\u0103 &#8211; str. Sf. Andrei &#8211; str. Gh. S\u0103ulescu. &#8220;\u00cen perioadele men\u021bionate, pe sectoarele de lucru traficul rutier va fi permis pentru ma\u0219inile de interven\u021bie ale Poli\u021biei, Ambulan\u021bei \u0219i Inspectoratului pentru Situa\u021bii de Urgen\u021b\u0103&#8221;, se precizeaz\u0103 \u00een document. Reabilitarea \u0219i modernizarea str. Sf. Petru Movil\u0103 face parte dintr-un program de lucr\u0103ri care include reabilitarea a 11 str\u0103zi din mai multe zone din ora\u015f: str. Atelierului, str. Caz\u0103rmilor, str. Iancu Bacalu, str. Sf. Petru Movil\u0103, str. Sf. Andrei, str. T\u0103n\u0103sescu, str. Dealu Bucium, Fundac Bucium, Fundac P\u0103un, Fundac Socola \u0219i str. Plopii f\u0103r\u0103 So\u021b. Valoarea total\u0103 a proiectului este de aproximativ 12,7 milioane lei, iar executantul este asocierea SC Conest SA \u2013 SC Viarom Construct SRL.<\/p>\n","protected":false},"excerpt":{"rendered":"<p>\u00cen cursul zilelor de luni, 1 mai, \u015fi mar\u021bi, 2 mai, vor avea loc lucr\u0103ri&#8230; <a class=\"meta-more\" href=\"https:\/\/infois.ro\/?p=28481\">more <span class=\"meta-nav\">&raquo;<\/span><\/a><\/p>\n","protected":false},"author":2,"featured_media":28482,"comment_status":"open","ping_status":"closed","sticky":false,"template":"","format":"standard","meta":{"footnotes":""},"categories":[1,41],"tags":[74,3028,40,846],"aioseo_notices":[],"_links":{"self":[{"href":"https:\/\/infois.ro\/index.php?rest_route=\/wp\/v2\/posts\/28481"}],"collection":[{"href":"https:\/\/infois.ro\/index.php?rest_route=\/wp\/v2\/posts"}],"about":[{"href":"https:\/\/infois.ro\/index.php?rest_route=\/wp\/v2\/types\/post"}],"author":[{"embeddable":true,"href":"https:\/\/infois.ro\/index.php?rest_route=\/wp\/v2\/users\/2"}],"replies":[{"embeddable":true,"href":"https:\/\/infois.ro\/index.php?rest_route=%2Fwp%2Fv2%2Fcomments&post=28481"}],"version-history":[{"count":1,"href":"https:\/\/infois.ro\/index.php?rest_route=\/wp\/v2\/posts\/28481\/revisions"}],"predecessor-version":[{"id":28483,"href":"https:\/\/infois.ro\/index.php?rest_route=\/wp\/v2\/posts\/28481\/revisions\/28483"}],"wp:featuredmedia":[{"embeddable":true,"href":"https:\/\/infois.ro\/index.php?rest_route=\/wp\/v2\/media\/28482"}],"wp:attachment":[{"href":"https:\/\/infois.ro\/index.php?rest_route=%2Fwp%2Fv2%2Fmedia&parent=28481"}],"wp:term":[{"taxonomy":"category","embeddable":true,"href":"https:\/\/infois.ro\/index.php?rest_route=%2Fwp%2Fv2%2Fcategories&post=28481"},{"taxonomy":"post_tag","embeddable":true,"href":"https:\/\/infois.ro\/index.php?rest_route=%2Fwp%2Fv2%2Ftags&post=28481"}],"curies":[{"name":"wp","href":"https:\/\/api.w.org\/{rel}","templated":true}]}}