{"id":28530,"date":"2017-05-04T16:41:54","date_gmt":"2017-05-04T13:41:54","guid":{"rendered":"http:\/\/infois.ro\/?p=28530"},"modified":"2017-05-04T16:41:54","modified_gmt":"2017-05-04T13:41:54","slug":"noi-pasi-pentru-realizarea-spitalului-regional-de-urgenta-de-la-iasi","status":"publish","type":"post","link":"https:\/\/infois.ro\/?p=28530","title":{"rendered":"Noi pa\u0219i pentru realizarea Spitalului Regional de Urgen\u021b\u0103 de la Ia\u0219i"},"content":{"rendered":"<p style=\"text-align: justify;\"><a href=\"http:\/\/infois.ro\/wp-content\/uploads\/2017\/05\/vizita-urgente.jpg\"><img loading=\"lazy\" decoding=\"async\" class=\"alignleft  wp-image-28531\" src=\"http:\/\/infois.ro\/wp-content\/uploads\/2017\/05\/vizita-urgente.jpg\" alt=\"\" width=\"350\" height=\"226\" srcset=\"https:\/\/infois.ro\/wp-content\/uploads\/2017\/05\/vizita-urgente.jpg 1500w, https:\/\/infois.ro\/wp-content\/uploads\/2017\/05\/vizita-urgente-300x194.jpg 300w, https:\/\/infois.ro\/wp-content\/uploads\/2017\/05\/vizita-urgente-768x496.jpg 768w, https:\/\/infois.ro\/wp-content\/uploads\/2017\/05\/vizita-urgente-1024x662.jpg 1024w\" sizes=\"(max-width: 350px) 100vw, 350px\" \/><\/a><\/p>\n<p style=\"text-align: justify;\">Primarul Mihai Chirica, al\u0103turi de reprezentan\u021bi ai Ministerului S\u0103n\u0103t\u0103\u021bii (expertul Sorin Zaharcu \u0219i arhitectul Redin Abduraman, responsabil de proiect), arhitectul Stefan Wunderlich, consultant din partea B\u0103ncii Europene de Investi\u021bii, au f\u0103cut joi, 5 mai, o nou\u0103 vizit\u0103 de lucru la amplasamentul viitorului Spital Regional de Urgen\u021b\u0103. Dup\u0103 vizita \u00een zona Moara de V\u00e2nt, discu\u021biile au continuat la sediul Prim\u0103riei Municipiului Ia\u0219i. &#8220;Discu\u021biile au fost aplicate \u0219i au vizat, \u00een principal, detalierea condi\u021biilor de amplasare a viitorului Spital Regional de Urgen\u021b\u0103 \u00een vederea acceler\u0103rii procedurilor de implementare a proiectului. \u00cen urma vizitei \u00een teren s-a ajuns la concluzia necesit\u0103\u021bii prioritiz\u0103rii amplasamentului din Moara de V\u00e2nt ca amplasament strategic \u0219i s-a convenit asupra elabor\u0103rii unui calendar de implementare a proiectului, cu participarea tuturor institu\u021biilor direct implicate, anume Prim\u0103ria Municipiului Ia\u0219i, Ministerul S\u0103n\u0103t\u0103\u021bii, Ministerul Fondurilor Europene \u0219i Banca European\u0103 de Investi\u021bii. Potrivit schi\u021bei acestui calendar, p\u00e2n\u0103 la sf\u00e2\u0219titul acestui an se va finaliza solu\u021bia tehnic\u0103 a proiectului Spitalului Regional de Urgen\u021b\u0103, documenta\u021bia va fi depus\u0103 spre finan\u021bare la Comisia European\u0103 \u00een primul trimestru al anului 2018, urm\u00e2nd ca, dup\u0103 aprobarea finan\u021b\u0103rii, lucr\u0103rile s\u0103 demareze la sf\u00e2r\u0219itul anului 2018, cel t\u00e2rziu la \u00eenceputul anului 2019, astfel \u00eenc\u00e2t s\u0103 fie finalizate \u00een cursul anului 2022&#8221;, se precizeaz\u0103 \u00eentr-un comunicat al Biroului de pres\u0103 al Prim\u0103riei. \u201eAcest proiect, care urm\u0103re\u0219te cre\u0219terea calit\u0103\u021bii serviciilor medicale \u00een \u00eentreaga Regiune Nord-Est, este prioritar pentru mine, ca primar, pentru echipa municipalit\u0103\u021bii \u0219i pentru \u00eentreaga comunitate. Le mul\u021bumesc reprezentan\u021bilor Ministerului S\u0103n\u0103t\u0103\u021bii \u0219i B\u0103ncii Europene de Investi\u021bii pentru c\u0103 au venit de urgen\u021b\u0103 la Ia\u0219i pentru a stabili detalii importante legate de amplasamentul viitorului Spital Regional de Urgen\u021b\u0103, astfel \u00eenc\u00e2t viitoarele proceduri s\u0103 fie lansate c\u00e2t mai repede. Disponibilitatea acestora de a colabora cu municipalitatea ie\u0219ean\u0103 arat\u0103 c\u0103 proiectul Spitalului Regional de Urgen\u021b\u0103 de la Ia\u0219i este unul important at\u00e2t pentru autorit\u0103\u021bile na\u021bionale, c\u00e2t \u0219i pentru cele europene\u201d, a declarat primarul Mihai Chirica.<\/p>\n<p>&nbsp;<\/p>\n","protected":false},"excerpt":{"rendered":"<p>Primarul Mihai Chirica, al\u0103turi de reprezentan\u021bi ai Ministerului S\u0103n\u0103t\u0103\u021bii (expertul Sorin Zaharcu \u0219i arhitectul Redin&#8230; <a class=\"meta-more\" href=\"https:\/\/infois.ro\/?p=28530\">more <span class=\"meta-nav\">&raquo;<\/span><\/a><\/p>\n","protected":false},"author":2,"featured_media":28531,"comment_status":"open","ping_status":"closed","sticky":false,"template":"","format":"standard","meta":{"footnotes":""},"categories":[1,41],"tags":[74,6508,9178,40,5154],"aioseo_notices":[],"_links":{"self":[{"href":"https:\/\/infois.ro\/index.php?rest_route=\/wp\/v2\/posts\/28530"}],"collection":[{"href":"https:\/\/infois.ro\/index.php?rest_route=\/wp\/v2\/posts"}],"about":[{"href":"https:\/\/infois.ro\/index.php?rest_route=\/wp\/v2\/types\/post"}],"author":[{"embeddable":true,"href":"https:\/\/infois.ro\/index.php?rest_route=\/wp\/v2\/users\/2"}],"replies":[{"embeddable":true,"href":"https:\/\/infois.ro\/index.php?rest_route=%2Fwp%2Fv2%2Fcomments&post=28530"}],"version-history":[{"count":1,"href":"https:\/\/infois.ro\/index.php?rest_route=\/wp\/v2\/posts\/28530\/revisions"}],"predecessor-version":[{"id":28532,"href":"https:\/\/infois.ro\/index.php?rest_route=\/wp\/v2\/posts\/28530\/revisions\/28532"}],"wp:featuredmedia":[{"embeddable":true,"href":"https:\/\/infois.ro\/index.php?rest_route=\/wp\/v2\/media\/28531"}],"wp:attachment":[{"href":"https:\/\/infois.ro\/index.php?rest_route=%2Fwp%2Fv2%2Fmedia&parent=28530"}],"wp:term":[{"taxonomy":"category","embeddable":true,"href":"https:\/\/infois.ro\/index.php?rest_route=%2Fwp%2Fv2%2Fcategories&post=28530"},{"taxonomy":"post_tag","embeddable":true,"href":"https:\/\/infois.ro\/index.php?rest_route=%2Fwp%2Fv2%2Ftags&post=28530"}],"curies":[{"name":"wp","href":"https:\/\/api.w.org\/{rel}","templated":true}]}}