{"id":28747,"date":"2017-05-17T10:11:14","date_gmt":"2017-05-17T07:11:14","guid":{"rendered":"http:\/\/infois.ro\/?p=28747"},"modified":"2017-05-17T10:11:14","modified_gmt":"2017-05-17T07:11:14","slug":"judetul-iasi-a-primit-bani-de-la-guvern-pentru-refacerea-infrastructurii-afectate-de-inundatii","status":"publish","type":"post","link":"https:\/\/infois.ro\/?p=28747","title":{"rendered":"Jude\u0163ul Ia\u015fi a primit bani de la Guvern pentru refacerea infrastructurii afectate de inunda\u0163ii"},"content":{"rendered":"<p style=\"text-align: justify;\"><a href=\"http:\/\/infois.ro\/wp-content\/uploads\/2013\/10\/inundatii.jpg\"><img loading=\"lazy\" decoding=\"async\" class=\"alignleft  wp-image-7472\" src=\"http:\/\/infois.ro\/wp-content\/uploads\/2013\/10\/inundatii.jpg\" alt=\"\" width=\"392\" height=\"220\" srcset=\"https:\/\/infois.ro\/wp-content\/uploads\/2013\/10\/inundatii.jpg 600w, https:\/\/infois.ro\/wp-content\/uploads\/2013\/10\/inundatii-300x168.jpg 300w, https:\/\/infois.ro\/wp-content\/uploads\/2013\/10\/inundatii-140x80.jpg 140w\" sizes=\"(max-width: 392px) 100vw, 392px\" \/><\/a><\/p>\n<p style=\"text-align: justify;\">Jude\u021bului Ia\u0219i i-a fost alocat\u0103, prin Hot\u0103r\u00e2re de Guvern, suma de 441.000 de lei pentru efectuarea unor lucr\u0103ri de refacere a infrastructurii locale afectate ca urmare a calamit\u0103\u021bilor naturale produse de inunda\u021bii. Astfel, prin HG nr. 312\/2017 s-au alocat 201.000 lei pentru Consiliul Jude\u021bean Ia\u015fi, pentru refacerea unei por\u021biuni din DJ 282, pe raza comunei M\u0103d\u00e2rjac, \u0219i pentru pentru o parte din DJ 208, pe raza comunei Ciohor\u0103ni. Prin aceea\u015fi Hot\u0103r\u00e2ri de Guvern s-a aprobat alocarea sumei de 200.000 de lei pentru refacerea de drumuri comunale de pe raza comunei Ciohor\u0103ni \u0219i a sumei de 40.000 de lei pentru refacerea de drumuri comunale \u0219i reabilitarea unui pode\u021b din comuna Hele\u0219teni. &#8220;Proiectul de Hot\u0103r\u00e2re de Guvern a fost propus spre aprobare de c\u0103tre Institu\u021bia Prefectului \u2013 jude\u021bul Ia\u0219i \u0219i Consiliul Jude\u021bean Ia\u0219i, fiind transmis c\u0103tre Ministerul Dezvolt\u0103rii Regionale, Administra\u021biei Publice \u0219i Fondurilor Europene. Fondurile alocate vizeaz\u0103 pagube provocate de fenomene meteorologice extreme care au avut loc \u00een perioada 22.02.2017 \u2013 21.03.2017&#8221;, a declarat prefectul Marian \u015eerbescu. Acesta a precizat c\u0103 la nivelul Institu\u021biei Prefectului se lucreaz\u0103 \u00een mod continuu la gestionarea \u0219i monitorizarea situa\u021biilor de urgen\u021b\u0103, fiind transmise propuneri pentru aloc\u0103ri de fonduri \u00een toate cazurile \u00een care este afectat\u0103 infrastructura local\u0103.<\/p>\n","protected":false},"excerpt":{"rendered":"<p>Jude\u021bului Ia\u0219i i-a fost alocat\u0103, prin Hot\u0103r\u00e2re de Guvern, suma de 441.000 de lei pentru&#8230; <a class=\"meta-more\" href=\"https:\/\/infois.ro\/?p=28747\">more <span class=\"meta-nav\">&raquo;<\/span><\/a><\/p>\n","protected":false},"author":2,"featured_media":7472,"comment_status":"open","ping_status":"closed","sticky":false,"template":"","format":"standard","meta":{"footnotes":""},"categories":[1,41],"tags":[74,2189,40,3614,1785],"aioseo_notices":[],"_links":{"self":[{"href":"https:\/\/infois.ro\/index.php?rest_route=\/wp\/v2\/posts\/28747"}],"collection":[{"href":"https:\/\/infois.ro\/index.php?rest_route=\/wp\/v2\/posts"}],"about":[{"href":"https:\/\/infois.ro\/index.php?rest_route=\/wp\/v2\/types\/post"}],"author":[{"embeddable":true,"href":"https:\/\/infois.ro\/index.php?rest_route=\/wp\/v2\/users\/2"}],"replies":[{"embeddable":true,"href":"https:\/\/infois.ro\/index.php?rest_route=%2Fwp%2Fv2%2Fcomments&post=28747"}],"version-history":[{"count":1,"href":"https:\/\/infois.ro\/index.php?rest_route=\/wp\/v2\/posts\/28747\/revisions"}],"predecessor-version":[{"id":28748,"href":"https:\/\/infois.ro\/index.php?rest_route=\/wp\/v2\/posts\/28747\/revisions\/28748"}],"wp:featuredmedia":[{"embeddable":true,"href":"https:\/\/infois.ro\/index.php?rest_route=\/wp\/v2\/media\/7472"}],"wp:attachment":[{"href":"https:\/\/infois.ro\/index.php?rest_route=%2Fwp%2Fv2%2Fmedia&parent=28747"}],"wp:term":[{"taxonomy":"category","embeddable":true,"href":"https:\/\/infois.ro\/index.php?rest_route=%2Fwp%2Fv2%2Fcategories&post=28747"},{"taxonomy":"post_tag","embeddable":true,"href":"https:\/\/infois.ro\/index.php?rest_route=%2Fwp%2Fv2%2Ftags&post=28747"}],"curies":[{"name":"wp","href":"https:\/\/api.w.org\/{rel}","templated":true}]}}