{"id":28940,"date":"2017-05-27T14:40:22","date_gmt":"2017-05-27T11:40:22","guid":{"rendered":"http:\/\/infois.ro\/?p=28940"},"modified":"2017-05-27T14:40:22","modified_gmt":"2017-05-27T11:40:22","slug":"primele-autobuze-noi-vor-sosi-la-iasi-pana-la-sfarsitul-acestui-an","status":"publish","type":"post","link":"https:\/\/infois.ro\/?p=28940","title":{"rendered":"Primele autobuze noi vor sosi la Ia\u015fi p\u00e2n\u0103 la sf\u00e2r\u015fitul acestui an"},"content":{"rendered":"<p style=\"text-align: justify;\"><a href=\"http:\/\/infois.ro\/wp-content\/uploads\/2015\/10\/autobuze1.jpg\"><img loading=\"lazy\" decoding=\"async\" class=\"alignleft  wp-image-20271\" src=\"http:\/\/infois.ro\/wp-content\/uploads\/2015\/10\/autobuze1.jpg\" alt=\"\" width=\"350\" height=\"219\" srcset=\"https:\/\/infois.ro\/wp-content\/uploads\/2015\/10\/autobuze1.jpg 600w, https:\/\/infois.ro\/wp-content\/uploads\/2015\/10\/autobuze1-300x187.jpg 300w\" sizes=\"(max-width: 350px) 100vw, 350px\" \/><\/a><\/p>\n<p style=\"text-align: justify;\">Pe adresa municipitalit\u0103\u0163ii ie\u015fene au fost \u00eenregistrate p\u00e2n\u0103 acum trei oferte pentru re\u00eennoirea parcului auto al regiei locale de transport \u00een comun, respectiv pentru achizi\u0163ionarea de autobuze noi. &#8220;Toate cele trei oferte, care vin din partea firmelor Anadolu Isuzu (Turcia), Karsan (Turcia) \u015fi Solaris Bus (Polonia) sunt \u00een acest moment \u00een analiza noastr\u0103, urm\u00e2nd s\u0103 oferim un r\u0103spuns \u00een cel mai scurt timp. Potrivit calculelor noastre a reie\u015fit c\u0103 vom putea achizi\u0163iona, \u00een final, peste 80 de unit\u0103\u0163i de transport, la un pre\u0163 rezonabil, spunem noi&#8221;, a declarat primarul Mihai Chirica, vineri, \u00eentr-o conferin\u0163\u0103 de pres\u0103. Printre specifica\u0163iile tehnice ale autobuzelor, stipulate \u00een caietul de sarcini, se num\u0103r\u0103 ca acestea s\u0103 aib\u0103 norma de poluare EURO 6, capacitatea cilindric\u0103 cuprins\u0103 \u00eentre 6.300 \u015fi 9.000 de cm cubi, lungimea de 12 metri, s\u0103 fie dotate cu instala\u0163ii de \u00eenc\u0103lzire\/aer condi\u0163ionat, ramp\u0103 pentru urcarea\/debarcarea persoanelor cu handicap, s\u0103 fie dotate cu echipament de \u00eenregistrare video \u00een interior \u015fi exterior \u015fi s\u0103 aib\u0103 o capacitate de minimum 90 de locuri \u00een picioare \u015fi minimum 25 de locuri pe scaune. De asemenea, autobuzele vor trebui s\u0103 fie echipate cu panouri video \u00een interior \u015fi cu sistem de informare cu led-uri pentru informarea c\u0103l\u0103torilor. Dup\u0103 cum a anun\u0163at priamrul Mihai Chirica, primele autobuze noi urmeaz\u0103 s\u0103 sosteasc\u0103 la Ia\u015fi p\u00e2n\u0103 la sf\u00e2r\u015fitul acestui an (circa dou\u0103 treimi din num\u0103rul total al acestora), restul fiind a\u015fteptate s\u0103 intre \u00een parcul auto al CTP \u00een primul trimestru al anului viitor. Pentru achizi\u0163ionarea celor 80 de autobuze noi, Prim\u0103ria municipiului Ia\u015fi a \u00eencheiat un contract de \u00eemprumut cu Banca European\u0103 pentru Reconstruc\u0163ie \u015fi Dezvoltare (BERD), \u00een valoare de 15 milioane de euro (67,5 milioane de lei). \u00cemprumutul are o perioad\u0103 de gra\u0163ie de doi ani \u015fi un termen de rambursare de zece ani, la o dob\u00e2nd\u0103 de 1,3% pe an.<\/p>\n","protected":false},"excerpt":{"rendered":"<p>Pe adresa municipitalit\u0103\u0163ii ie\u015fene au fost \u00eenregistrate p\u00e2n\u0103 acum trei oferte pentru re\u00eennoirea parcului auto&#8230; <a class=\"meta-more\" href=\"https:\/\/infois.ro\/?p=28940\">more <span class=\"meta-nav\">&raquo;<\/span><\/a><\/p>\n","protected":false},"author":2,"featured_media":20271,"comment_status":"open","ping_status":"closed","sticky":false,"template":"","format":"standard","meta":{"footnotes":""},"categories":[1,41],"tags":[74,665,9383,40,9382],"aioseo_notices":[],"_links":{"self":[{"href":"https:\/\/infois.ro\/index.php?rest_route=\/wp\/v2\/posts\/28940"}],"collection":[{"href":"https:\/\/infois.ro\/index.php?rest_route=\/wp\/v2\/posts"}],"about":[{"href":"https:\/\/infois.ro\/index.php?rest_route=\/wp\/v2\/types\/post"}],"author":[{"embeddable":true,"href":"https:\/\/infois.ro\/index.php?rest_route=\/wp\/v2\/users\/2"}],"replies":[{"embeddable":true,"href":"https:\/\/infois.ro\/index.php?rest_route=%2Fwp%2Fv2%2Fcomments&post=28940"}],"version-history":[{"count":1,"href":"https:\/\/infois.ro\/index.php?rest_route=\/wp\/v2\/posts\/28940\/revisions"}],"predecessor-version":[{"id":28941,"href":"https:\/\/infois.ro\/index.php?rest_route=\/wp\/v2\/posts\/28940\/revisions\/28941"}],"wp:featuredmedia":[{"embeddable":true,"href":"https:\/\/infois.ro\/index.php?rest_route=\/wp\/v2\/media\/20271"}],"wp:attachment":[{"href":"https:\/\/infois.ro\/index.php?rest_route=%2Fwp%2Fv2%2Fmedia&parent=28940"}],"wp:term":[{"taxonomy":"category","embeddable":true,"href":"https:\/\/infois.ro\/index.php?rest_route=%2Fwp%2Fv2%2Fcategories&post=28940"},{"taxonomy":"post_tag","embeddable":true,"href":"https:\/\/infois.ro\/index.php?rest_route=%2Fwp%2Fv2%2Ftags&post=28940"}],"curies":[{"name":"wp","href":"https:\/\/api.w.org\/{rel}","templated":true}]}}