{"id":29173,"date":"2017-06-09T15:25:59","date_gmt":"2017-06-09T12:25:59","guid":{"rendered":"http:\/\/infois.ro\/?p=29173"},"modified":"2017-06-09T15:25:59","modified_gmt":"2017-06-09T12:25:59","slug":"o-noua-sesiune-de-examinare-a-persoanelor-fizice-in-vederea-obtinerii-atestatului-de-administrator-de-imobile","status":"publish","type":"post","link":"https:\/\/infois.ro\/?p=29173","title":{"rendered":"O nou\u0103 sesiune de examinare a persoanelor fizice \u00een vederea ob\u0163inerii atestatului de administrator de imobile"},"content":{"rendered":"<p style=\"text-align: justify;\"><a href=\"http:\/\/infois.ro\/wp-content\/uploads\/2015\/03\/blocuri.jpg\"><img loading=\"lazy\" decoding=\"async\" class=\"alignleft  wp-image-16298\" src=\"http:\/\/infois.ro\/wp-content\/uploads\/2015\/03\/blocuri.jpg\" alt=\"\" width=\"300\" height=\"225\" srcset=\"https:\/\/infois.ro\/wp-content\/uploads\/2015\/03\/blocuri.jpg 600w, https:\/\/infois.ro\/wp-content\/uploads\/2015\/03\/blocuri-300x225.jpg 300w\" sizes=\"(max-width: 300px) 100vw, 300px\" \/><\/a><\/p>\n<p style=\"text-align: justify;\">Luni, 17 iulie, va fi organizat\u0103 o nou\u0103 sesiune de examinare a persoanelor fizice \u00een vederea ob\u0163inerii atestatului de administrator de imobile. Persoanele care \u00een prezent au absolvit cursuri de preg\u0103tire \u00een domeniu, dar nu sunt atestate, pot s\u0103 solicite \u00eenscrierea \u00een vederea sus\u021binerii examenului \u00een baza unei cereri, la care sunt anexate documentele solicitate.\u00a0 Dosarul se verific\u0103 de reprezentantul comisiei de atestare\u00a0 (Serviciul Asocia\u021bii Proprietari cu sediul \u00een \u0219os. Na\u0163ional\u0103, nr. 43), dup\u0103 care se depune prin Registratura Prim\u0103riei Municipiului Ia\u0219i. Termenul de depunere a dosarelor este 30 de zile de la data public\u0103rii prezentului anun\u021b. Calendarul procedurii de atestare a persoanelor fizice care doresc s\u0103 devin\u0103 administratori de imobile, respectiv informa\u021bii legate de locul \u0219i ora sus\u021binerii examenului scris \u0219i interviu, vor fi anun\u021bate at\u00e2t prin afi\u0219are la avizierele Prim\u0103riei Municipiului Ia\u0219i, c\u00e2t \u0219i pe pagina de internet a institu\u021biei. Termenul limit\u0103 de depunere a dosarelor este data de 10 iulie, lista cu candida\u0163ii admi\u015fi pentru examinare urm\u00e2nd s\u0103 fie publicat\u0103 pe data de 12 iulie. Proba sris\u0103 a examenului este programat\u0103 pe data de 17 iulie, iar afi\u015farea rezultatelor la proba scris\u0103 pe data de 19 iulie. Depunerea contesta\u0163iilor \u00een urma afi\u015f\u0103rii rezultatelor la proba scris\u0103 se poate face pe data de 21 iulie, iar afi\u015farea rezultatelor contesta\u0163iilor pe 24 iulie. Proba interviului va fi sus\u0163inut\u0103 pe data de 26 iulie, \u00een timp ce depunerea contesta\u0163iilor pentru proba de interviu se poate face pe 27 iulie, rezultatele \u00een urma contesta\u0163iilor urm\u00e2nd a fi afi\u015fate pe 31 iulie. Candida\u0163ii declara\u0163i respin\u015fi la sesiunile anterioare privind examenul de ob\u0163inere a atestatului de administrator de imobile pot participa la o nou\u0103 sesiune de atestare \u00een baza unei cereri, cu actualizarea dosarului, dup\u0103 caz, \u0219i achit\u0103rii taxei de examinare.<\/p>\n<p>&nbsp;<\/p>\n","protected":false},"excerpt":{"rendered":"<p>Luni, 17 iulie, va fi organizat\u0103 o nou\u0103 sesiune de examinare a persoanelor fizice \u00een&#8230; <a class=\"meta-more\" href=\"https:\/\/infois.ro\/?p=29173\">more <span class=\"meta-nav\">&raquo;<\/span><\/a><\/p>\n","protected":false},"author":2,"featured_media":16298,"comment_status":"open","ping_status":"closed","sticky":false,"template":"","format":"standard","meta":{"footnotes":""},"categories":[1,41],"tags":[74,4198,6728,4634,40],"aioseo_notices":[],"_links":{"self":[{"href":"https:\/\/infois.ro\/index.php?rest_route=\/wp\/v2\/posts\/29173"}],"collection":[{"href":"https:\/\/infois.ro\/index.php?rest_route=\/wp\/v2\/posts"}],"about":[{"href":"https:\/\/infois.ro\/index.php?rest_route=\/wp\/v2\/types\/post"}],"author":[{"embeddable":true,"href":"https:\/\/infois.ro\/index.php?rest_route=\/wp\/v2\/users\/2"}],"replies":[{"embeddable":true,"href":"https:\/\/infois.ro\/index.php?rest_route=%2Fwp%2Fv2%2Fcomments&post=29173"}],"version-history":[{"count":1,"href":"https:\/\/infois.ro\/index.php?rest_route=\/wp\/v2\/posts\/29173\/revisions"}],"predecessor-version":[{"id":29174,"href":"https:\/\/infois.ro\/index.php?rest_route=\/wp\/v2\/posts\/29173\/revisions\/29174"}],"wp:featuredmedia":[{"embeddable":true,"href":"https:\/\/infois.ro\/index.php?rest_route=\/wp\/v2\/media\/16298"}],"wp:attachment":[{"href":"https:\/\/infois.ro\/index.php?rest_route=%2Fwp%2Fv2%2Fmedia&parent=29173"}],"wp:term":[{"taxonomy":"category","embeddable":true,"href":"https:\/\/infois.ro\/index.php?rest_route=%2Fwp%2Fv2%2Fcategories&post=29173"},{"taxonomy":"post_tag","embeddable":true,"href":"https:\/\/infois.ro\/index.php?rest_route=%2Fwp%2Fv2%2Ftags&post=29173"}],"curies":[{"name":"wp","href":"https:\/\/api.w.org\/{rel}","templated":true}]}}