{"id":29685,"date":"2017-07-13T15:01:15","date_gmt":"2017-07-13T12:01:15","guid":{"rendered":"http:\/\/infois.ro\/?p=29685"},"modified":"2017-07-13T15:01:15","modified_gmt":"2017-07-13T12:01:15","slug":"primaria-a-semnat-contractul-de-achizitionare-pentru-88-de-autobuze-noi","status":"publish","type":"post","link":"https:\/\/infois.ro\/?p=29685","title":{"rendered":"Prim\u0103ria a semnat contractul de achizi\u0163ionare pentru 88 de autobuze noi"},"content":{"rendered":"<p><a href=\"http:\/\/infois.ro\/wp-content\/uploads\/2016\/09\/autobuz1.jpg\"><img loading=\"lazy\" decoding=\"async\" class=\"alignleft  wp-image-25266\" src=\"http:\/\/infois.ro\/wp-content\/uploads\/2016\/09\/autobuz1.jpg\" alt=\"\" width=\"336\" height=\"224\" srcset=\"https:\/\/infois.ro\/wp-content\/uploads\/2016\/09\/autobuz1.jpg 640w, https:\/\/infois.ro\/wp-content\/uploads\/2016\/09\/autobuz1-300x200.jpg 300w\" sizes=\"(max-width: 336px) 100vw, 336px\" \/><\/a><\/p>\n<p style=\"text-align: justify;\">\u00cen prezen\u0163a primarului Mihai Chirica \u015fi a reprezentan\u0163ilor firmei Anadolu Isuzu din Turcia, la sediul municipalit\u0103\u0163ii ie\u015fene a avut loc joi, 13 iulie, semnarea acordului privind achizi\u0163ionarea de c\u0103tre conducerea Companiei de Transport Public (CTP) a 88 de autobuze noi, marca Isuzu Citiport, care urmeaz\u0103 s\u0103 completeze parcul auto al regiei locale de transport \u00een comun. Ini\u0163ial, la licita\u0163ia pentru achizi\u0163ionarea de autobuze noi \u00een vederea re\u00eennoirii parcului auto al CTP s-au \u00eenscris 17 firme. Ulterior, \u00een urma selec\u0163iei, \u00een curs\u0103 au r\u0103mas doar trei societ\u0103\u0163i \u015fi anume Anadolu Isuzu (Turcia), Karsan (Turcia) \u015fi Solaris Bus (Polonia), \u00een final fiind declarat\u0103 c\u00e2\u015ftig\u0103toare prima dintre acestea.\u00a0 Potrivit contractului, costul unui autobuz este de 170.000 de euro, fiecare mijloc de transport \u00een comun av\u00e2nd norma de mediu EURO 6. Autobuzele, cu o capacitate de 90 de locuri \u00een picioare \u015fi minimum 25 de locuri pe scaune fiecare, sunt dotate cu rampe de acces pentru urbarea-debarcarea persoanelor cu handicap, sisteme de supraveghere video, at\u00e2t \u00een interior, c\u00e2t \u015fi \u00een exterior, elemente de ticketing, instala\u0163ii de \u00eenc\u0103lzire\/aer condi\u0163ionat \u015fi panouri video \u00een interior, cu sistem de informare cu led-uri pentru c\u0103l\u0103tori. Dup\u0103 cum a anun\u0163at primarul Mihai Chirica, primele autobuze noi urmeaz\u0103 s\u0103 soseasc\u0103 la Ia\u015fi \u00een aceast\u0103 toamn\u0103 (circa dou\u0103 treimi din num\u0103rul total al acestora), restul fiind a\u015fteptate s\u0103 intre \u00een parcul auto al CTP \u00een primul trimestru al anului viitor. Pentru achizi\u0163ionarea celor 88 de autobuze noi, Prim\u0103ria municipiului Ia\u015fi a \u00eencheiat un contract de \u00eemprumut cu Banca European\u0103 pentru Reconstruc\u0163ie \u015fi Dezvoltare (BERD), \u00een valoare de 15 milioane de euro (67,5 milioane de lei). \u00cemprumutul are o perioad\u0103 de gra\u0163ie de doi ani \u015fi un termen de rambursare de zece ani, la o dob\u00e2nd\u0103 de 1,3% pe an. Pentru perioada urm\u0103toare, municipalitatea ie\u015fean\u0103 inten\u0163ioneaz\u0103 s\u0103 acceseze fonduri europene nerambursabile \u00een valoare de 40 de milioane de euro, \u00een cadrul Axei 4.1 de mobilitate urban\u0103 a Programului Opera\u0163ional Regional (POR) 2014-2020 al Uniunii Europene, \u00een vederea moderniz\u0103rii c\u0103ii de rulare a tramvaielor (liniile Ia\u0219i \u2013 Dancu, Cinci Drumuri \u2013 Ba\u0219 Ceau\u0219, Buc\u0219inescu \u2013 Calea Chi\u0219in\u0103ului, Podu Ro\u0219 \u2013 \u021aes\u0103tura, Tepro \u2013 \u021au\u021bora \u0219i Pod Sf. Ioan \u2013 Rond Dancu), implementarea sistemului de e-ticketing, amenajarea de puncte intermodale de transfer \u00een transportul public \u015fi construc\u0163ia de parc\u0103ri de tip Park &amp; Ride.<\/p>\n","protected":false},"excerpt":{"rendered":"<p>\u00cen prezen\u0163a primarului Mihai Chirica \u015fi a reprezentan\u0163ilor firmei Anadolu Isuzu din Turcia, la sediul&#8230; <a class=\"meta-more\" href=\"https:\/\/infois.ro\/?p=29685\">more <span class=\"meta-nav\">&raquo;<\/span><\/a><\/p>\n","protected":false},"author":2,"featured_media":25266,"comment_status":"open","ping_status":"closed","sticky":false,"template":"","format":"standard","meta":{"footnotes":""},"categories":[1,41],"tags":[74,665,867,3905,40,9543,846,982],"aioseo_notices":[],"_links":{"self":[{"href":"https:\/\/infois.ro\/index.php?rest_route=\/wp\/v2\/posts\/29685"}],"collection":[{"href":"https:\/\/infois.ro\/index.php?rest_route=\/wp\/v2\/posts"}],"about":[{"href":"https:\/\/infois.ro\/index.php?rest_route=\/wp\/v2\/types\/post"}],"author":[{"embeddable":true,"href":"https:\/\/infois.ro\/index.php?rest_route=\/wp\/v2\/users\/2"}],"replies":[{"embeddable":true,"href":"https:\/\/infois.ro\/index.php?rest_route=%2Fwp%2Fv2%2Fcomments&post=29685"}],"version-history":[{"count":1,"href":"https:\/\/infois.ro\/index.php?rest_route=\/wp\/v2\/posts\/29685\/revisions"}],"predecessor-version":[{"id":29686,"href":"https:\/\/infois.ro\/index.php?rest_route=\/wp\/v2\/posts\/29685\/revisions\/29686"}],"wp:featuredmedia":[{"embeddable":true,"href":"https:\/\/infois.ro\/index.php?rest_route=\/wp\/v2\/media\/25266"}],"wp:attachment":[{"href":"https:\/\/infois.ro\/index.php?rest_route=%2Fwp%2Fv2%2Fmedia&parent=29685"}],"wp:term":[{"taxonomy":"category","embeddable":true,"href":"https:\/\/infois.ro\/index.php?rest_route=%2Fwp%2Fv2%2Fcategories&post=29685"},{"taxonomy":"post_tag","embeddable":true,"href":"https:\/\/infois.ro\/index.php?rest_route=%2Fwp%2Fv2%2Ftags&post=29685"}],"curies":[{"name":"wp","href":"https:\/\/api.w.org\/{rel}","templated":true}]}}