{"id":29765,"date":"2017-07-19T06:08:04","date_gmt":"2017-07-19T03:08:04","guid":{"rendered":"http:\/\/infois.ro\/?p=29765"},"modified":"2017-07-19T06:08:04","modified_gmt":"2017-07-19T03:08:04","slug":"regele-ferdinand-i-intregitorul-comemorat-la-iasi","status":"publish","type":"post","link":"https:\/\/infois.ro\/?p=29765","title":{"rendered":"Regele Ferdinand I \u00centregitorul, comemorat la Ia\u015fi"},"content":{"rendered":"<p><a href=\"http:\/\/infois.ro\/wp-content\/uploads\/2017\/07\/ferdinand.jpg\"><img loading=\"lazy\" decoding=\"async\" class=\"alignleft  wp-image-29766\" src=\"http:\/\/infois.ro\/wp-content\/uploads\/2017\/07\/ferdinand.jpg\" alt=\"\" width=\"397\" height=\"561\" srcset=\"https:\/\/infois.ro\/wp-content\/uploads\/2017\/07\/ferdinand.jpg 640w, https:\/\/infois.ro\/wp-content\/uploads\/2017\/07\/ferdinand-212x300.jpg 212w\" sizes=\"(max-width: 397px) 100vw, 397px\" \/><\/a><\/p>\n<p style=\"text-align: justify;\">Prim\u0103ria municipiului Ia\u0219i, prin Compartimentul &#8220;Centenar&#8221;, \u00een colaborare cu Ateneul din Ia\u0219i \u0219i Brigada 15 Mecanizat\u0103 \u201ePodu \u00cenalt\u201d, organizeaz\u0103 joi, 20 iulie, o serie de evenimente prilejuite de comemorarea a 90 de ani de la trecerea \u00een eternitate a Majest\u0103\u021bii Sale Regele Ferdinand I. Seria de evenimente intitulat\u0103 \u201eComemorarea Regelui Ferdinand I \u00centregitorul\u201d va debuta la ora 11.30, cu dezvelirea unei pl\u0103ci comemorative la sediul Brig\u0103zii 15 Mecanizate \u201ePodu \u00cenalt\u201d, urmat\u0103, la ora 12.30, de un Te Deum la bustul Regelui Ferdinand I \u00centregitorul, de pe aleea sediului Brig\u0103zii 15 Mecanizate \u201ePodu \u00cenalt\u201d. Dup\u0103 amiaz\u0103, de la ora 17.00, va avea loc lansarea volumului semnat de prof. dr. univ. Ion Bulei, intitulat \u201eBunul nostru rege: Ferdinand\u201d (Editura Meteor Publishing, 2017), la Ateneul din Ia\u0219i, manifest\u0103rile urm\u00e2nd s\u0103 se \u00eencheie la ora 18.00, cu vernisajul expozi\u021biei \u201eRegele Ferdinand, regele capitalei rezisten\u021bei p\u00e2n\u0103 la cap\u0103t\u201d, de la Ateneul din Ia\u0219i. La toate evenimentele, accesul publicului este liber.<\/p>\n<p>&nbsp;<\/p>\n","protected":false},"excerpt":{"rendered":"<p>Prim\u0103ria municipiului Ia\u0219i, prin Compartimentul &#8220;Centenar&#8221;, \u00een colaborare cu Ateneul din Ia\u0219i \u0219i Brigada 15&#8230; <a class=\"meta-more\" href=\"https:\/\/infois.ro\/?p=29765\">more <span class=\"meta-nav\">&raquo;<\/span><\/a><\/p>\n","protected":false},"author":2,"featured_media":29766,"comment_status":"open","ping_status":"closed","sticky":false,"template":"","format":"standard","meta":{"footnotes":""},"categories":[1,41],"tags":[74,8870,1467,40,3470],"aioseo_notices":[],"_links":{"self":[{"href":"https:\/\/infois.ro\/index.php?rest_route=\/wp\/v2\/posts\/29765"}],"collection":[{"href":"https:\/\/infois.ro\/index.php?rest_route=\/wp\/v2\/posts"}],"about":[{"href":"https:\/\/infois.ro\/index.php?rest_route=\/wp\/v2\/types\/post"}],"author":[{"embeddable":true,"href":"https:\/\/infois.ro\/index.php?rest_route=\/wp\/v2\/users\/2"}],"replies":[{"embeddable":true,"href":"https:\/\/infois.ro\/index.php?rest_route=%2Fwp%2Fv2%2Fcomments&post=29765"}],"version-history":[{"count":1,"href":"https:\/\/infois.ro\/index.php?rest_route=\/wp\/v2\/posts\/29765\/revisions"}],"predecessor-version":[{"id":29767,"href":"https:\/\/infois.ro\/index.php?rest_route=\/wp\/v2\/posts\/29765\/revisions\/29767"}],"wp:featuredmedia":[{"embeddable":true,"href":"https:\/\/infois.ro\/index.php?rest_route=\/wp\/v2\/media\/29766"}],"wp:attachment":[{"href":"https:\/\/infois.ro\/index.php?rest_route=%2Fwp%2Fv2%2Fmedia&parent=29765"}],"wp:term":[{"taxonomy":"category","embeddable":true,"href":"https:\/\/infois.ro\/index.php?rest_route=%2Fwp%2Fv2%2Fcategories&post=29765"},{"taxonomy":"post_tag","embeddable":true,"href":"https:\/\/infois.ro\/index.php?rest_route=%2Fwp%2Fv2%2Ftags&post=29765"}],"curies":[{"name":"wp","href":"https:\/\/api.w.org\/{rel}","templated":true}]}}