{"id":29800,"date":"2017-07-21T05:29:23","date_gmt":"2017-07-21T02:29:23","guid":{"rendered":"http:\/\/infois.ro\/?p=29800"},"modified":"2017-07-22T15:31:41","modified_gmt":"2017-07-22T12:31:41","slug":"lucrari-de-asfaltare-pe-b-dul-dimitrie-cantemir-str-zimbrului-str-pavlov-si-str-plevnei","status":"publish","type":"post","link":"https:\/\/infois.ro\/?p=29800","title":{"rendered":"Lucr\u0103ri de asfaltare pe b-dul Dimitrie Cantemir, str. Zimbrului, str. Pavlov \u0219i  str. Plevnei"},"content":{"rendered":"<p><a href=\"http:\/\/infois.ro\/wp-content\/uploads\/2017\/04\/str.-sf-andrei-asfaltare.jpg\"><img loading=\"lazy\" decoding=\"async\" class=\"alignleft  wp-image-28440\" src=\"http:\/\/infois.ro\/wp-content\/uploads\/2017\/04\/str.-sf-andrei-asfaltare.jpg\" alt=\"\" width=\"365\" height=\"274\" srcset=\"https:\/\/infois.ro\/wp-content\/uploads\/2017\/04\/str.-sf-andrei-asfaltare.jpg 640w, https:\/\/infois.ro\/wp-content\/uploads\/2017\/04\/str.-sf-andrei-asfaltare-300x225.jpg 300w\" sizes=\"(max-width: 365px) 100vw, 365px\" \/><\/a><\/p>\n<p style=\"text-align: justify;\">S\u00e2mb\u0103t\u0103, 22 iulie, \u00eentre orele 7.00 \u0219i 12.00, echipele contractate de municipalitate vor face lucr\u0103ri de asfaltare pe bd. Dimitrie Cantemir. \u00cen perioada men\u021bionat\u0103 circula\u021bia auto pe bd. Dimitrie Cantemir va fi \u00eenchis\u0103 pe ambele sensuri. Reprezentan\u021bii municipalit\u0103\u021bii \u0219i cei Poli\u021biei Municipiului Ia\u0219i &#8211; Biroul Rutier recomand\u0103 Aleea Rozelor drept rut\u0103 alternativ\u0103. Contractul aferent lucr\u0103rilor de modernizare a bd. Dimitrie Cantemir a fost semnat pe 27 aprilie. Potrivit contractului, lucr\u0103rile de modernizare ale bd. Dimitrie Cantemir ar urma s\u0103 se finalizeze \u00een \u0219ase luni, \u00eens\u0103 ritmul rapid ar putea face ca termenul s\u0103 fie redus considerabil. Lucr\u0103rile sunt efectuate de asocierea SC Viarom Construct SRL \u2013 SC Into SRL, valoarea acestora fiind de 2.367.626 lei, sum\u0103 care include \u0219i modernizarea str. Gh. Asachi. \u00cen cazul str. Gh. Asachi, lucr\u0103rile au \u00eenceput mar\u021bi, 18 iulie, \u0219i sunt programate s\u0103 dureze p\u00e2n\u0103 cel t\u00e2rziu pe 1 octombrie. De asemenea, echipele Citadin S.A. vor face lucr\u0103ri de asfaltare \u00een cursul zilei de s\u00e2mb\u0103t\u0103, 22 iulie, \u00eentre orele 6.00 \u0219i 14.00, pe str. Zimbrului, pe tronsonul cuprins \u00eentre str. Prof. \u0218esan \u0219i str. Sf. Laz\u0103r. \u00cen perioada men\u021bionat\u0103 circula\u021bia auto pe str. Zimbrului va fi \u00eenchis\u0103. Echipele Citadin S.A. vor face lucr\u0103ri de asfaltare \u0219i \u00een cursul zilei de luni, 24 iulie, \u00eentre orele 6.00 \u0219i 14.00, pe str. Pavlov \u0219i pe str. Plevnei, dac\u0103 vremea o va permite. \u00cen intervalul orar men\u021bionat circula\u021bia auto pe cele dou\u0103 str\u0103zi va fi \u00eenchis\u0103. Deciziile punctuale privind restric\u021bionarea \/ \u00eenchiderea circula\u021biei vor fi luate de c\u0103tre Poli\u021bia Municipiului Ia\u0219i &#8211; Biroul Rutier \u0219i Poli\u021bia Local\u0103, cu sprijinul constructorilor. \u00cen timpul lucr\u0103rilor pe tronsoanele de drum men\u021bionate va fi asigurat accesul ma\u0219inilor de Poli\u021bie, Pompieri \u0219i Jandarmerie.<\/p>\n<p>&nbsp;<\/p>\n","protected":false},"excerpt":{"rendered":"<p>S\u00e2mb\u0103t\u0103, 22 iulie, \u00eentre orele 7.00 \u0219i 12.00, echipele contractate de municipalitate vor face lucr\u0103ri&#8230; <a class=\"meta-more\" href=\"https:\/\/infois.ro\/?p=29800\">more <span class=\"meta-nav\">&raquo;<\/span><\/a><\/p>\n","protected":false},"author":2,"featured_media":28440,"comment_status":"open","ping_status":"closed","sticky":false,"template":"","format":"standard","meta":{"footnotes":""},"categories":[1,41],"tags":[74,3028,138,40,2478],"aioseo_notices":[],"_links":{"self":[{"href":"https:\/\/infois.ro\/index.php?rest_route=\/wp\/v2\/posts\/29800"}],"collection":[{"href":"https:\/\/infois.ro\/index.php?rest_route=\/wp\/v2\/posts"}],"about":[{"href":"https:\/\/infois.ro\/index.php?rest_route=\/wp\/v2\/types\/post"}],"author":[{"embeddable":true,"href":"https:\/\/infois.ro\/index.php?rest_route=\/wp\/v2\/users\/2"}],"replies":[{"embeddable":true,"href":"https:\/\/infois.ro\/index.php?rest_route=%2Fwp%2Fv2%2Fcomments&post=29800"}],"version-history":[{"count":1,"href":"https:\/\/infois.ro\/index.php?rest_route=\/wp\/v2\/posts\/29800\/revisions"}],"predecessor-version":[{"id":29801,"href":"https:\/\/infois.ro\/index.php?rest_route=\/wp\/v2\/posts\/29800\/revisions\/29801"}],"wp:featuredmedia":[{"embeddable":true,"href":"https:\/\/infois.ro\/index.php?rest_route=\/wp\/v2\/media\/28440"}],"wp:attachment":[{"href":"https:\/\/infois.ro\/index.php?rest_route=%2Fwp%2Fv2%2Fmedia&parent=29800"}],"wp:term":[{"taxonomy":"category","embeddable":true,"href":"https:\/\/infois.ro\/index.php?rest_route=%2Fwp%2Fv2%2Fcategories&post=29800"},{"taxonomy":"post_tag","embeddable":true,"href":"https:\/\/infois.ro\/index.php?rest_route=%2Fwp%2Fv2%2Ftags&post=29800"}],"curies":[{"name":"wp","href":"https:\/\/api.w.org\/{rel}","templated":true}]}}