{"id":2983,"date":"2012-11-23T13:24:10","date_gmt":"2012-11-23T11:24:10","guid":{"rendered":"http:\/\/infois.ro\/?p=2983"},"modified":"2012-11-23T13:24:10","modified_gmt":"2012-11-23T11:24:10","slug":"concursul-de-eseuri-o-zi-primar-si-a-desemnat-castigatorii","status":"publish","type":"post","link":"https:\/\/infois.ro\/?p=2983","title":{"rendered":"Concursul de eseuri \u201dO zi primar\u201d \u0219i-a desemnat c\u00e2\u0219tig\u0103torii"},"content":{"rendered":"<p style=\"text-align: justify;\"><a class=\"highslide\" onclick=\"return vz.expand(this)\" href=\"http:\/\/infois.ro\/wp-content\/uploads\/2012\/11\/o-zi-primar.jpg\"><img loading=\"lazy\" decoding=\"async\" class=\"alignleft size-large wp-image-2984\" title=\"o zi primar\" src=\"http:\/\/infois.ro\/wp-content\/uploads\/cache\/2012\/11\/o-zi-primar\/3637238651.jpg\" alt=\"\" width=\"510\" height=\"339\" \/><\/a>\u00cen Sala Mare a Prim\u0103riei a avut loc joi, 22 noiembrie, festivitatea de premiere a Concursului de eseuri \u201cO zi primar\u201d, adresat elevilor din \u00eenv\u0103\u0163\u0103m\u00e2ntul preuniversitar ie\u0219ean. La concurs au participat, \u00een total, 95 de elevi, 18 dintre ace\u0219tia ob\u0163in\u00e2nd note peste 9. To\u021bi elevii participan\u0163i \u015fi profesorii coordonatori au primit din partea organizatorilor diplome \u015fi c\u0103r\u0163i. Concursul \u201dO zi primar\u201d a f\u0103cut parte din cadrul edi\u021biei din acest an a \u201eS\u0103pt\u0103m\u00e2nii Europene a Democra\u0163iei Locale&#8221; (SEDL), eveniment desf\u0103\u015furat sub egida Congresului Puterilor Locale \u015fi Regionale (CPLR) ale Consiliului Europei. Cei 18 elevi c\u00e2\u0219tig\u0103tori ai concursului din acest an \u201dO zi primar\u201d sunt: Alexandru Ioan Darie (clasa a XII-a, Colegiul \u201dMihai Eminescu\u201d &#8211; nota 10,00),\u00a0 Teofan Abrudan (cl. a VI-a, Colegiul Na\u021bional \u201dOctav B\u0103ncil\u0103\u201d \u2013 nota 9,76, Christian Luca (clasa a VIII-a, \u0218coala \u201dGh. I. Br\u0103tianu\u201d \u2013 nota 9,75), Ariadna-Elena Munteanu (clasa a VII-a, Colegiul Na\u021bional \u201dEmil Racovi\u021b\u0103\u201d, nota 9,56), Alexandra Hanganu (clasa a VII-a, Colegiul Na\u021bional \u201dEmil Racovi\u021b\u0103\u201d, nota 9,50), Drago\u0219 Ilie (clasa a X-a, Colegiul Na\u021bional \u201dOctav B\u0103ncil\u0103\u201d, nota 9,50), C\u0103t\u0103lina Barari (clasa a XI-a, Colegiul Tehnic \u201dIoan. C. \u0218tef\u0103nescu\u201d, nota 9,33), Mara Caluschi (clasa a VIII-a, Colegiul Na\u021bional \u201dEmil Racovi\u021b\u0103\u201d, nota 9,33), Bogdan Popovici (clasa a XII-a, Grupul \u0218colar \u201dVirgil Madgearu\u201d, nota 9,33), Cezar Cristian Gheorgic\u0103 (clasa a II-a, \u0218coala \u201dB\u00e2rs\u0103nescu\u201d, nota 9,33), Elena-Teodora Hu\u021banu (clasa a VIII-a, Colegiul Na\u021bional \u201dEmil Racovi\u021b\u0103\u201d, nota 9,16), Mariana Nastasia (clasa a XII-a, Liceul Pedagogic \u201dVasile Lupu\u201d, nota 9,08), Roxana Ailinc\u0103i (clasa a X-a, Liceul Tehnologic \u201dNicolina\u201d, nota 9,06), Teodora Calinov (clasa a VIII-a, Colegiul Na\u021bional \u201dEmil Racovi\u021b\u0103\u201d, nota 9,00), Ioana Beatrice Co\u0219an (clasa a VIII-a, Colegiul Na\u021bional \u201dEmil Racovi\u021b\u0103\u201d, nota 9,00), C\u0103t\u0103lina Georgiana Cazacu (clasa a X-a, Liceul Tehnologic \u201dNicolina\u201d, nota 9,00), C\u0103t\u0103lin G\u00e2nju (clasa a XI-a, Colegiul Tehnic \u201dMihail Sturza\u201d, nota 9,00) \u0219i \u0218tefania C\u0103t\u0103lina Ungureanu (clasa a III-a, \u0218coala \u201dIon Simionescu\u201d, nota 9,00).<\/p>\n","protected":false},"excerpt":{"rendered":"<p>\u00cen Sala Mare a Prim\u0103riei a avut loc joi, 22 noiembrie, festivitatea de premiere a&#8230; <a class=\"meta-more\" href=\"https:\/\/infois.ro\/?p=2983\">more <span class=\"meta-nav\">&raquo;<\/span><\/a><\/p>\n","protected":false},"author":2,"featured_media":2984,"comment_status":"open","ping_status":"open","sticky":false,"template":"","format":"standard","meta":{"footnotes":""},"categories":[1,41],"tags":[74,1291,296,1290],"aioseo_notices":[],"_links":{"self":[{"href":"https:\/\/infois.ro\/index.php?rest_route=\/wp\/v2\/posts\/2983"}],"collection":[{"href":"https:\/\/infois.ro\/index.php?rest_route=\/wp\/v2\/posts"}],"about":[{"href":"https:\/\/infois.ro\/index.php?rest_route=\/wp\/v2\/types\/post"}],"author":[{"embeddable":true,"href":"https:\/\/infois.ro\/index.php?rest_route=\/wp\/v2\/users\/2"}],"replies":[{"embeddable":true,"href":"https:\/\/infois.ro\/index.php?rest_route=%2Fwp%2Fv2%2Fcomments&post=2983"}],"version-history":[{"count":1,"href":"https:\/\/infois.ro\/index.php?rest_route=\/wp\/v2\/posts\/2983\/revisions"}],"predecessor-version":[{"id":2985,"href":"https:\/\/infois.ro\/index.php?rest_route=\/wp\/v2\/posts\/2983\/revisions\/2985"}],"wp:featuredmedia":[{"embeddable":true,"href":"https:\/\/infois.ro\/index.php?rest_route=\/wp\/v2\/media\/2984"}],"wp:attachment":[{"href":"https:\/\/infois.ro\/index.php?rest_route=%2Fwp%2Fv2%2Fmedia&parent=2983"}],"wp:term":[{"taxonomy":"category","embeddable":true,"href":"https:\/\/infois.ro\/index.php?rest_route=%2Fwp%2Fv2%2Fcategories&post=2983"},{"taxonomy":"post_tag","embeddable":true,"href":"https:\/\/infois.ro\/index.php?rest_route=%2Fwp%2Fv2%2Ftags&post=2983"}],"curies":[{"name":"wp","href":"https:\/\/api.w.org\/{rel}","templated":true}]}}