{"id":29859,"date":"2017-07-27T14:25:11","date_gmt":"2017-07-27T11:25:11","guid":{"rendered":"http:\/\/infois.ro\/?p=29859"},"modified":"2017-07-27T14:25:11","modified_gmt":"2017-07-27T11:25:11","slug":"voluntar-pentru-un-copil-cu-autism","status":"publish","type":"post","link":"https:\/\/infois.ro\/?p=29859","title":{"rendered":"Voluntar pentru un copil cu autism"},"content":{"rendered":"<p><a href=\"http:\/\/infois.ro\/wp-content\/uploads\/2015\/01\/autism.jpg\"><img loading=\"lazy\" decoding=\"async\" class=\"alignleft  wp-image-15193\" src=\"http:\/\/infois.ro\/wp-content\/uploads\/2015\/01\/autism.jpg\" alt=\"\" width=\"309\" height=\"200\" srcset=\"https:\/\/infois.ro\/wp-content\/uploads\/2015\/01\/autism.jpg 600w, https:\/\/infois.ro\/wp-content\/uploads\/2015\/01\/autism-300x195.jpg 300w\" sizes=\"(max-width: 309px) 100vw, 309px\" \/><\/a><\/p>\n<p style=\"text-align: justify;\">\u00cen perioada septembrie 2016 &#8211; iulie 2017 <strong>Asocia\u021bia Na\u021bional\u0103 pentru Copii \u0219i Adul\u021bi cu Autism din Rom\u00e2nia (A.N.C.A.A.R.), filiala Ia\u0219i <\/strong>a implementat proiectul <strong>\u201dVoluntar pentru un copil cu autism\u201d<\/strong>, finan\u021bat de <strong>Prim\u0103ria Municipiului Ia\u0219i<\/strong>, \u00een baza prevederilor Legii 350\/2005 privind regimul finan\u0163\u0103rilor nerambursabile din fonduri publice alocate pentru activit\u0103\u0163i nonprofit de interes general.<\/p>\n<p style=\"text-align: justify;\"><strong>Bugetul<\/strong> total al proiectului a fost de <strong>62.839<\/strong> lei, din care <strong>56.555 lei <\/strong>finan\u021bare din partea<strong> Consiliului Local Ia\u0219i<\/strong> \u0219i <strong>6.238 lei co-finan\u021bare <\/strong>din partea<strong> A.N.C.A.A.R. Ia\u0219i.<\/strong><\/p>\n<p style=\"text-align: justify;\"><strong>Scopul<\/strong> proiectului a fost \u00eembun\u0103t\u0103\u021birea calit\u0103\u021bii serviciilor furnizate de organiza\u021bie c\u0103tre beneficiarii diagnostica\u021bi cu autism \u0219i c\u0103tre familiile acestora din Ia\u0219i, care sunt membri ai asocia\u021biei.<\/p>\n<p style=\"text-align: justify;\"><strong>Obiectivele <\/strong>specifice ale proiectului au urm\u0103rit, pe de o parte, utilizarea eficient\u0103 a resurselor umane voluntare ale organiza\u021biei \u0219i furnizarea de \u0219edin\u021be de terapie logopedic\u0103 pe parcursul derul\u0103rii proiectului iar, pe de alt\u0103 parte, dezvoltarea capacit\u0103\u021bii organiza\u021bionale prin elaborarea unui plan strategic al asocia\u021biei.<\/p>\n<p style=\"text-align: justify;\">Rezultatele proiectului au fost:<\/p>\n<ul>\n<li style=\"text-align: justify;\"><strong>33 de voluntari<\/strong> au fost \u00eenscri\u0219i \u00een baza de date a asocia\u021biei \u0219i au participat la un proces de instruire intern\u0103 pentru dob\u00e2ndirea unor abilit\u0103\u021bi specifice interven\u021biei \u00een cazul persoanelor diagnosticate cu autism.<\/li>\n<li style=\"text-align: justify;\"><strong>15 copii \u0219i tineri diagnostica\u021bi cu autism<\/strong>, beneficiari ai ANCAAR Ia\u0219i, au participat la \u0219edin\u021be de terapie logopedic\u0103 pe parcursul derul\u0103rii proiectului.<\/li>\n<li style=\"text-align: justify;\"><strong>30 de cadre didactice din \u0219colile din jude\u021bul Ia\u0219i<\/strong> au fost informate cu privire la provoc\u0103rile integr\u0103rii copiilor cu autism \u00een \u0219coala de mas\u0103 \u00een raport cu rela\u021bia cu p\u0103rin\u021bii copiilor tipici din clas\u0103.<\/li>\n<li style=\"text-align: justify;\"><strong>60 de <\/strong><strong>familii<\/strong>, membre ale asocia\u021biei, vor beneficia de servicii de mai bun\u0103 calitate, prin elaborarea planului strategic organiza\u021bional.<\/li>\n<\/ul>\n","protected":false},"excerpt":{"rendered":"<p>\u00cen perioada septembrie 2016 &#8211; iulie 2017 Asocia\u021bia Na\u021bional\u0103 pentru Copii \u0219i Adul\u021bi cu Autism&#8230; <a class=\"meta-more\" href=\"https:\/\/infois.ro\/?p=29859\">more <span class=\"meta-nav\">&raquo;<\/span><\/a><\/p>\n","protected":false},"author":2,"featured_media":15193,"comment_status":"open","ping_status":"closed","sticky":false,"template":"","format":"standard","meta":{"footnotes":""},"categories":[32],"tags":[1348,2523,40,3112,3729],"aioseo_notices":[],"_links":{"self":[{"href":"https:\/\/infois.ro\/index.php?rest_route=\/wp\/v2\/posts\/29859"}],"collection":[{"href":"https:\/\/infois.ro\/index.php?rest_route=\/wp\/v2\/posts"}],"about":[{"href":"https:\/\/infois.ro\/index.php?rest_route=\/wp\/v2\/types\/post"}],"author":[{"embeddable":true,"href":"https:\/\/infois.ro\/index.php?rest_route=\/wp\/v2\/users\/2"}],"replies":[{"embeddable":true,"href":"https:\/\/infois.ro\/index.php?rest_route=%2Fwp%2Fv2%2Fcomments&post=29859"}],"version-history":[{"count":1,"href":"https:\/\/infois.ro\/index.php?rest_route=\/wp\/v2\/posts\/29859\/revisions"}],"predecessor-version":[{"id":29860,"href":"https:\/\/infois.ro\/index.php?rest_route=\/wp\/v2\/posts\/29859\/revisions\/29860"}],"wp:featuredmedia":[{"embeddable":true,"href":"https:\/\/infois.ro\/index.php?rest_route=\/wp\/v2\/media\/15193"}],"wp:attachment":[{"href":"https:\/\/infois.ro\/index.php?rest_route=%2Fwp%2Fv2%2Fmedia&parent=29859"}],"wp:term":[{"taxonomy":"category","embeddable":true,"href":"https:\/\/infois.ro\/index.php?rest_route=%2Fwp%2Fv2%2Fcategories&post=29859"},{"taxonomy":"post_tag","embeddable":true,"href":"https:\/\/infois.ro\/index.php?rest_route=%2Fwp%2Fv2%2Ftags&post=29859"}],"curies":[{"name":"wp","href":"https:\/\/api.w.org\/{rel}","templated":true}]}}