{"id":29903,"date":"2017-08-01T16:05:27","date_gmt":"2017-08-01T13:05:27","guid":{"rendered":"http:\/\/infois.ro\/?p=29903"},"modified":"2017-08-01T16:05:27","modified_gmt":"2017-08-01T13:05:27","slug":"modificari-de-circulatie-in-targu-cucu","status":"publish","type":"post","link":"https:\/\/infois.ro\/?p=29903","title":{"rendered":"Modific\u0103ri de circula\u021bie \u00een T\u00e2rgu Cucu"},"content":{"rendered":"<p><a href=\"http:\/\/infois.ro\/wp-content\/uploads\/2017\/08\/tg-cucu.jpg\"><img loading=\"lazy\" decoding=\"async\" class=\"alignleft  wp-image-29904\" src=\"http:\/\/infois.ro\/wp-content\/uploads\/2017\/08\/tg-cucu.jpg\" alt=\"\" width=\"311\" height=\"374\" srcset=\"https:\/\/infois.ro\/wp-content\/uploads\/2017\/08\/tg-cucu.jpg 640w, https:\/\/infois.ro\/wp-content\/uploads\/2017\/08\/tg-cucu-249x300.jpg 249w\" sizes=\"(max-width: 311px) 100vw, 311px\" \/><\/a><\/p>\n<p style=\"text-align: justify;\">\u00cen urma unei decizii recente a Comisiei de Circula\u021bie a municipalit\u0103\u021bii ie\u0219ene, \u00eencep\u00e2nd de miercuri, 2 august, vor fi adoptate o serie de modific\u0103ri \u00een circula\u021bia rutier\u0103 din zona T\u00e2rgu Cucu &#8211; Podul de Fier, informeaz\u0103 Biroul de pres\u0103 al Prim\u0103riei. Astfel, autovehiculele aflate pe str. Stihii care vor vira st\u00e2nga pe str. Cucu, spre Podul de Fier, vor avea prioritate fa\u021b\u0103 de cele aflate pe str. Cucu. Concomitent, prioritar devine \u0219i virajul la dreapta de pe str. Cucu pe str. Stihii, spre bd. Independen\u021bei. Virajul la st\u00e2nga de pe str. Cucu spre str. Stihii, \u00een sensul de mers spre Podul de Fier, r\u0103m\u00e2ne \u00een continuare interzis.<\/p>\n<p>&nbsp;<\/p>\n","protected":false},"excerpt":{"rendered":"<p>\u00cen urma unei decizii recente a Comisiei de Circula\u021bie a municipalit\u0103\u021bii ie\u0219ene, \u00eencep\u00e2nd de miercuri,&#8230; <a class=\"meta-more\" href=\"https:\/\/infois.ro\/?p=29903\">more <span class=\"meta-nav\">&raquo;<\/span><\/a><\/p>\n","protected":false},"author":2,"featured_media":29904,"comment_status":"open","ping_status":"closed","sticky":false,"template":"","format":"standard","meta":{"footnotes":""},"categories":[1,41],"tags":[74,9590,7956,40,9589,9591],"aioseo_notices":[],"_links":{"self":[{"href":"https:\/\/infois.ro\/index.php?rest_route=\/wp\/v2\/posts\/29903"}],"collection":[{"href":"https:\/\/infois.ro\/index.php?rest_route=\/wp\/v2\/posts"}],"about":[{"href":"https:\/\/infois.ro\/index.php?rest_route=\/wp\/v2\/types\/post"}],"author":[{"embeddable":true,"href":"https:\/\/infois.ro\/index.php?rest_route=\/wp\/v2\/users\/2"}],"replies":[{"embeddable":true,"href":"https:\/\/infois.ro\/index.php?rest_route=%2Fwp%2Fv2%2Fcomments&post=29903"}],"version-history":[{"count":1,"href":"https:\/\/infois.ro\/index.php?rest_route=\/wp\/v2\/posts\/29903\/revisions"}],"predecessor-version":[{"id":29905,"href":"https:\/\/infois.ro\/index.php?rest_route=\/wp\/v2\/posts\/29903\/revisions\/29905"}],"wp:featuredmedia":[{"embeddable":true,"href":"https:\/\/infois.ro\/index.php?rest_route=\/wp\/v2\/media\/29904"}],"wp:attachment":[{"href":"https:\/\/infois.ro\/index.php?rest_route=%2Fwp%2Fv2%2Fmedia&parent=29903"}],"wp:term":[{"taxonomy":"category","embeddable":true,"href":"https:\/\/infois.ro\/index.php?rest_route=%2Fwp%2Fv2%2Fcategories&post=29903"},{"taxonomy":"post_tag","embeddable":true,"href":"https:\/\/infois.ro\/index.php?rest_route=%2Fwp%2Fv2%2Ftags&post=29903"}],"curies":[{"name":"wp","href":"https:\/\/api.w.org\/{rel}","templated":true}]}}