{"id":29949,"date":"2017-08-03T11:59:30","date_gmt":"2017-08-03T08:59:30","guid":{"rendered":"http:\/\/infois.ro\/?p=29949"},"modified":"2017-08-03T11:59:30","modified_gmt":"2017-08-03T08:59:30","slug":"lucrari-de-igienizare-in-scolile-si-gradinitele-din-municipiul-iasi","status":"publish","type":"post","link":"https:\/\/infois.ro\/?p=29949","title":{"rendered":"Lucr\u0103ri de igienizare \u00een \u015fcolile \u015fi gr\u0103dini\u0163ele din municipiul Ia\u015fi"},"content":{"rendered":"<p><a href=\"http:\/\/infois.ro\/wp-content\/uploads\/2017\/08\/igienizare-scoala.jpg\"><img loading=\"lazy\" decoding=\"async\" class=\"alignleft  wp-image-29950\" src=\"http:\/\/infois.ro\/wp-content\/uploads\/2017\/08\/igienizare-scoala.jpg\" alt=\"\" width=\"357\" height=\"238\" srcset=\"https:\/\/infois.ro\/wp-content\/uploads\/2017\/08\/igienizare-scoala.jpg 640w, https:\/\/infois.ro\/wp-content\/uploads\/2017\/08\/igienizare-scoala-300x200.jpg 300w\" sizes=\"(max-width: 357px) 100vw, 357px\" \/><\/a><\/p>\n<p style=\"text-align: justify;\">De\u015fi p\u00e2n\u0103 la \u00eenceperea noului an \u015fcolar au mai r\u0103mas \u015fase s\u0103pt\u0103m\u00e2ni, municipalitatea ie\u015fean\u0103 a \u00eenceput deja preg\u0103tirile \u00een vederea debutului acestui important eveniment. &#8220;Odat\u0103 cu debutul lunii august am trecut la executarea lucr\u0103rilor de igienizare la toate cele 104 unit\u0103\u0163i de \u00eenv\u0103\u0163\u0103m\u00e2nt, gr\u0103dini\u0163e \u015fi \u015fcoli, din municipiu. \u00cen paralel cu aceste lucr\u0103ri de igienizare, \u00een aceste zile au \u00eenceput \u015fi lucr\u0103rile de investi\u0163ii la o serie de unit\u0103\u0163i de \u00eenv\u0103\u0163\u0103m\u00e2nt, conform planului \u00eentocmit la \u00eenceputul acestui an&#8221;, a declarat primarul Mihai Chirica, miercuri, \u00eentr-o conferin\u0163\u0103 de pres\u0103. Printre unit\u0103\u0163ile de \u00eenv\u0103\u0163\u0103m\u00e2nt la care \u00een aceast\u0103 perioad\u0103 vor fi executate lucr\u0103ri de investi\u0163ii se num\u0103r\u0103 Gr\u0103dini\u0163ele cu Program Prelungit nr. 14,23, 15 \u015fi 17, Grupul \u015ecolar &#8220;I.C. \u015etef\u0103nescu&#8221;, Grupul \u015ecolar &#8220;Grigore Sturza&#8221; , Grupul \u015ecolar &#8220;Mihail Kog\u0103lniceanu&#8221;, Colegiul Na\u0163ional, Liceul &#8220;Alexandru Ioan Cuza&#8221;, \u015ecoala &#8220;Ion Br\u0103tianu&#8221;, Liceul Pedagogic \u015fi \u015ecoala &#8220;Vasile Lupu&#8221;.<\/p>\n","protected":false},"excerpt":{"rendered":"<p>De\u015fi p\u00e2n\u0103 la \u00eenceperea noului an \u015fcolar au mai r\u0103mas \u015fase s\u0103pt\u0103m\u00e2ni, municipalitatea ie\u015fean\u0103 a&#8230; <a class=\"meta-more\" href=\"https:\/\/infois.ro\/?p=29949\">more <span class=\"meta-nav\">&raquo;<\/span><\/a><\/p>\n","protected":false},"author":2,"featured_media":29950,"comment_status":"open","ping_status":"closed","sticky":false,"template":"","format":"standard","meta":{"footnotes":""},"categories":[1,41],"tags":[74,40,4995,1583,128],"aioseo_notices":[],"_links":{"self":[{"href":"https:\/\/infois.ro\/index.php?rest_route=\/wp\/v2\/posts\/29949"}],"collection":[{"href":"https:\/\/infois.ro\/index.php?rest_route=\/wp\/v2\/posts"}],"about":[{"href":"https:\/\/infois.ro\/index.php?rest_route=\/wp\/v2\/types\/post"}],"author":[{"embeddable":true,"href":"https:\/\/infois.ro\/index.php?rest_route=\/wp\/v2\/users\/2"}],"replies":[{"embeddable":true,"href":"https:\/\/infois.ro\/index.php?rest_route=%2Fwp%2Fv2%2Fcomments&post=29949"}],"version-history":[{"count":1,"href":"https:\/\/infois.ro\/index.php?rest_route=\/wp\/v2\/posts\/29949\/revisions"}],"predecessor-version":[{"id":29951,"href":"https:\/\/infois.ro\/index.php?rest_route=\/wp\/v2\/posts\/29949\/revisions\/29951"}],"wp:featuredmedia":[{"embeddable":true,"href":"https:\/\/infois.ro\/index.php?rest_route=\/wp\/v2\/media\/29950"}],"wp:attachment":[{"href":"https:\/\/infois.ro\/index.php?rest_route=%2Fwp%2Fv2%2Fmedia&parent=29949"}],"wp:term":[{"taxonomy":"category","embeddable":true,"href":"https:\/\/infois.ro\/index.php?rest_route=%2Fwp%2Fv2%2Fcategories&post=29949"},{"taxonomy":"post_tag","embeddable":true,"href":"https:\/\/infois.ro\/index.php?rest_route=%2Fwp%2Fv2%2Ftags&post=29949"}],"curies":[{"name":"wp","href":"https:\/\/api.w.org\/{rel}","templated":true}]}}