{"id":2995,"date":"2012-11-24T13:35:36","date_gmt":"2012-11-24T11:35:36","guid":{"rendered":"http:\/\/infois.ro\/?p=2995"},"modified":"2012-11-24T13:35:36","modified_gmt":"2012-11-24T11:35:36","slug":"standul-iasului-din-cadrul-targului-de-turism-al-romaniei-vizitat-de-peste-5-000-de-persoane","status":"publish","type":"post","link":"https:\/\/infois.ro\/?p=2995","title":{"rendered":"Standul Ia\u0219ului din cadrul T\u00e2rgului de Turism al Rom\u00e2niei, vizitat de peste 5.000 de persoane"},"content":{"rendered":"<p style=\"text-align: justify;\"><a class=\"highslide\" onclick=\"return vz.expand(this)\" href=\"http:\/\/infois.ro\/wp-content\/uploads\/2012\/11\/standul-iasului.jpg\"><img loading=\"lazy\" decoding=\"async\" class=\"alignleft size-large wp-image-2996\" title=\"standul iasului\" src=\"http:\/\/infois.ro\/wp-content\/uploads\/cache\/2012\/11\/standul-iasului\/416548723.jpg\" alt=\"\" width=\"550\" height=\"255\" \/><\/a><\/p>\n<p style=\"text-align: justify;\">\u00cen perioada 15-18 noiembrie 2012, la Complexul Expozi\u021bional Romexpo s-a desf\u0103\u015furat T\u00e2rgul de Turism al Rom\u00e2niei, cea mai mare manifestare de profil din \u0163ar\u0103. \u00cen cadrul acestui t\u00e2rg \u015fi-au prezentat ofertele numeroase firme \u015fi organiza\u0163ii (aproximativ 300) ce activeaz\u0103 \u00een domeniul turismului \u015fi \u00een domenii conexe. Municipiul Ia\u015fi a fost repezentat de Centrul de Informare Turistic\u0103, a c\u0103rei misiune a fost de a promova ora\u015ful \u015fi regiunea, din punct de vedere turistic. Ia\u015ful a fost reprezentat la t\u00e2rg de membrii Centrului de Informare Turistic\u0103, dar \u015fi de dou\u0103 dintre studentele participante la programul de internship \u201ePelerin la Ia\u015fi\u201d. \u201dExpozi\u0163ia a fost distribuit\u0103 pe suprafa\u0163a a \u015fase pavilioane din cadrul complexului. Totodat\u0103, au fost organizate \u00eent\u00e2lniri \u015fi conferin\u0163e. Pe parcursul celor patru zile de expozi\u0163ie, peste 5.000 de persoane au vizitat standul municipiului Ia\u015fi, iar reprezentan\u0163ii Centrului de Informare Turistic\u0103 au oferit detalii suplimentare \u015fi informa\u0163ii despre principalele puncte de atrac\u0163ie din regiune, posibilit\u0103\u0163i de cazare, mas\u0103, divertisment. Au avut loc, de asemenea, \u00eent\u00e2lniri cu reprezentan\u0163i ai Ministerului Dezvolt\u0103rii Regionale \u015fi Turismului \u015fi ai organiza\u0163iilor din celelalte regiuni ale \u0163\u0103rii (Suceava, Sibiu, Neam\u0163)\u201d, au precizat reprezentan\u021bii Prim\u0103riei ie\u0219ene. Pe l\u00e2ng\u0103 membrii Centrului de Turism, standul ora\u015fului a mai fost reprezentat \u015fi de dou\u0103 dintre studentele participante la programul de internship \u201ePelerin la Ia\u015fi\u201d. Acestea au fost selectate datorit\u0103 implic\u0103rii active \u015fi creative \u00een programul desf\u0103surat \u00een luna octombrie (evenimente, expozi\u0163ii, concursuri). Un alt obiectiv al Centrului de Informare Turistic\u0103 a fost \u015fi acela de a facilita \u00eent\u00e2lniri \u00eentre IMM-uri prin intermediul proiectului ERMIS. Proiectul ERMIS are ca principal obiectiv dezvoltarea unui model eficient de guvernare local\u0103 prin sisteme inovative dedicate \u00een special punerii \u00een valoare a \u00eentreprinderilor mici \u015fi mijlocii.<\/p>\n","protected":false},"excerpt":{"rendered":"<p>\u00cen perioada 15-18 noiembrie 2012, la Complexul Expozi\u021bional Romexpo s-a desf\u0103\u015furat T\u00e2rgul de Turism al&#8230; <a class=\"meta-more\" href=\"https:\/\/infois.ro\/?p=2995\">more <span class=\"meta-nav\">&raquo;<\/span><\/a><\/p>\n","protected":false},"author":2,"featured_media":2996,"comment_status":"open","ping_status":"open","sticky":false,"template":"","format":"standard","meta":{"footnotes":""},"categories":[1,41],"tags":[74,40,1296,1297],"aioseo_notices":[],"_links":{"self":[{"href":"https:\/\/infois.ro\/index.php?rest_route=\/wp\/v2\/posts\/2995"}],"collection":[{"href":"https:\/\/infois.ro\/index.php?rest_route=\/wp\/v2\/posts"}],"about":[{"href":"https:\/\/infois.ro\/index.php?rest_route=\/wp\/v2\/types\/post"}],"author":[{"embeddable":true,"href":"https:\/\/infois.ro\/index.php?rest_route=\/wp\/v2\/users\/2"}],"replies":[{"embeddable":true,"href":"https:\/\/infois.ro\/index.php?rest_route=%2Fwp%2Fv2%2Fcomments&post=2995"}],"version-history":[{"count":1,"href":"https:\/\/infois.ro\/index.php?rest_route=\/wp\/v2\/posts\/2995\/revisions"}],"predecessor-version":[{"id":2997,"href":"https:\/\/infois.ro\/index.php?rest_route=\/wp\/v2\/posts\/2995\/revisions\/2997"}],"wp:featuredmedia":[{"embeddable":true,"href":"https:\/\/infois.ro\/index.php?rest_route=\/wp\/v2\/media\/2996"}],"wp:attachment":[{"href":"https:\/\/infois.ro\/index.php?rest_route=%2Fwp%2Fv2%2Fmedia&parent=2995"}],"wp:term":[{"taxonomy":"category","embeddable":true,"href":"https:\/\/infois.ro\/index.php?rest_route=%2Fwp%2Fv2%2Fcategories&post=2995"},{"taxonomy":"post_tag","embeddable":true,"href":"https:\/\/infois.ro\/index.php?rest_route=%2Fwp%2Fv2%2Ftags&post=2995"}],"curies":[{"name":"wp","href":"https:\/\/api.w.org\/{rel}","templated":true}]}}