{"id":29980,"date":"2017-08-04T12:51:58","date_gmt":"2017-08-04T09:51:58","guid":{"rendered":"http:\/\/infois.ro\/?p=29980"},"modified":"2017-08-04T12:51:58","modified_gmt":"2017-08-04T09:51:58","slug":"eroii-de-la-marasti-marasesti-si-oituz-vor-fi-comemorati-duminica-in-seara-memoriei","status":"publish","type":"post","link":"https:\/\/infois.ro\/?p=29980","title":{"rendered":"Eroii de la M\u0103r\u0103\u015fti, M\u0103r\u0103\u015fe\u015fti \u015fi Oituz vor fi comemora\u021bi duminic\u0103 \u00een  \u201eSeara Memoriei\u201d"},"content":{"rendered":"<p><a href=\"http:\/\/infois.ro\/wp-content\/uploads\/2017\/08\/centenar.jpg\"><img loading=\"lazy\" decoding=\"async\" class=\"alignleft  wp-image-29981\" src=\"http:\/\/infois.ro\/wp-content\/uploads\/2017\/08\/centenar.jpg\" alt=\"\" width=\"317\" height=\"223\" srcset=\"https:\/\/infois.ro\/wp-content\/uploads\/2017\/08\/centenar.jpg 640w, https:\/\/infois.ro\/wp-content\/uploads\/2017\/08\/centenar-300x211.jpg 300w\" sizes=\"(max-width: 317px) 100vw, 317px\" \/><\/a><\/p>\n<p style=\"text-align: justify;\">Prim\u0103ria Municipiului Ia\u0219i va marca \u00eemplinirea a 100 de ani de la marile b\u0103t\u0103lii de la M\u0103r\u0103\u015fti, M\u0103r\u0103\u015fe\u015fti \u015fi Oituz. Duminic\u0103, 6 august, de la ora 20.00, pe pietonalul \u015etefan cel Mare \u015fi Sf\u00e2nt, ie\u015fenii sunt a\u015ftepta\u0163i s\u0103 \u00eenchine c\u00e2teva momente memoriei osta\u015filor c\u0103zu\u0163i pe c\u00e2mpul de lupt\u0103 \u00een Primul R\u0103zboi Mondial. Evenimentul, intitulat \u201eSeara Memoriei\u201d, este organizat de Prim\u0103ria Municipiului Ia\u015fi, prin Compartimentul Centenar, Brigada 15 Mecanizat\u0103 \u201ePodu \u00cenalt\u201d Ia\u015fi \u0219i Ateneul din Ia\u0219i.<\/p>\n<p style=\"text-align: justify;\">Dup\u0103 prezentarea armelor \u0219i intonarea mar\u0219ului de \u00eent\u00e2mpinare, comandantul Garnizoanei va saluta drapelul de lupt\u0103 al g\u0103rzii de onoare, iar soprana L\u0103cr\u0103mioara Hrubaru &#8211; Roat\u0103 va interpreta imnul na\u021bional al Rom\u00e2niei. Seara va continua cu un Te Deum, oficiat de preo\u021bi de la Mitropolia Moldovei \u0219i Bucovinei \u0219i Episcopia Romano-Catolic\u0103 Ia\u0219i, \u0219i cu alocu\u021biuni sus\u021binute de primarul municipiului Ia\u0219i, Mihai Chirica, \u0219i comandatului Garnizoanei Ia\u0219i, colonelul Drago\u015f Iacob. Va urma citirea numelor eroilor Regimentului 15 Infanterie c\u0103zu\u021bi la datorie. Dup\u0103 Apelul Solemn cei prezen\u021bi vor aprinde candele \u00een memoria eroilor. Evenimentul se va \u00eencheia cu defilarea g\u0103rzii de onoare.<\/p>\n<p style=\"text-align: justify;\">Evenimentul este organizat \u00een cadrul Programului Centenar al Prim\u0103riei Municipiului Ia\u0219i.<\/p>\n<p style=\"text-align: justify;\">Pe 24 iulie \/ 6 august 1917 \u00eencepea b\u0103t\u0103lia de la M\u0103r\u0103\u015fe\u015fti, decisiv\u0103 pentru armata \u015fi chiar existen\u0163a statului rom\u00e2n. Cu o concentrare impresionant\u0103 de for\u0163e, germanii doreau spargerea decisiv\u0103 a frontului \u015fi scoaterea Rom\u00e2niei din r\u0103zboi. Rezisten\u0163a \u00eend\u00e2rjit\u0103 a rom\u00e2nilor, pe parcursul a trei s\u0103pt\u0103m\u00e2ni de lupte s\u00e2ngeroase, i-a surprins pe germani, dar \u015fi pe alia\u0163i. C\u00e2nd ofensiva german\u0103 a fost oprit\u0103, pe 21 august \/ 3 septembrie, deviza \u201ePe aici nu se trece\u201d \u00ee\u015fi c\u00e2\u015ftigase un loc de onoare \u00een istoria eroismului rom\u00e2nesc.<\/p>\n","protected":false},"excerpt":{"rendered":"<p>Prim\u0103ria Municipiului Ia\u0219i va marca \u00eemplinirea a 100 de ani de la marile b\u0103t\u0103lii de&#8230; <a class=\"meta-more\" href=\"https:\/\/infois.ro\/?p=29980\">more <span class=\"meta-nav\">&raquo;<\/span><\/a><\/p>\n","protected":false},"author":2,"featured_media":29981,"comment_status":"open","ping_status":"closed","sticky":false,"template":"","format":"standard","meta":{"footnotes":""},"categories":[1,41],"tags":[74,8870,1467,8300,40],"aioseo_notices":[],"_links":{"self":[{"href":"https:\/\/infois.ro\/index.php?rest_route=\/wp\/v2\/posts\/29980"}],"collection":[{"href":"https:\/\/infois.ro\/index.php?rest_route=\/wp\/v2\/posts"}],"about":[{"href":"https:\/\/infois.ro\/index.php?rest_route=\/wp\/v2\/types\/post"}],"author":[{"embeddable":true,"href":"https:\/\/infois.ro\/index.php?rest_route=\/wp\/v2\/users\/2"}],"replies":[{"embeddable":true,"href":"https:\/\/infois.ro\/index.php?rest_route=%2Fwp%2Fv2%2Fcomments&post=29980"}],"version-history":[{"count":1,"href":"https:\/\/infois.ro\/index.php?rest_route=\/wp\/v2\/posts\/29980\/revisions"}],"predecessor-version":[{"id":29982,"href":"https:\/\/infois.ro\/index.php?rest_route=\/wp\/v2\/posts\/29980\/revisions\/29982"}],"wp:featuredmedia":[{"embeddable":true,"href":"https:\/\/infois.ro\/index.php?rest_route=\/wp\/v2\/media\/29981"}],"wp:attachment":[{"href":"https:\/\/infois.ro\/index.php?rest_route=%2Fwp%2Fv2%2Fmedia&parent=29980"}],"wp:term":[{"taxonomy":"category","embeddable":true,"href":"https:\/\/infois.ro\/index.php?rest_route=%2Fwp%2Fv2%2Fcategories&post=29980"},{"taxonomy":"post_tag","embeddable":true,"href":"https:\/\/infois.ro\/index.php?rest_route=%2Fwp%2Fv2%2Ftags&post=29980"}],"curies":[{"name":"wp","href":"https:\/\/api.w.org\/{rel}","templated":true}]}}