{"id":3001,"date":"2012-11-24T13:40:40","date_gmt":"2012-11-24T11:40:40","guid":{"rendered":"http:\/\/infois.ro\/?p=3001"},"modified":"2012-11-24T13:40:52","modified_gmt":"2012-11-24T11:40:52","slug":"cj-lanseaza-oficial-proiectul-transagropolis-primul-parc-agroindustrial-al-judetului-iasi","status":"publish","type":"post","link":"https:\/\/infois.ro\/?p=3001","title":{"rendered":"CJ lanseaz\u0103 oficial proiectul \u201dTransagropolis\u201d &#8211; primul parc agroindustrial al jude\u0163ului Ia\u015fi"},"content":{"rendered":"<p style=\"text-align: justify;\"><a class=\"highslide\" onclick=\"return vz.expand(this)\" href=\"http:\/\/infois.ro\/wp-content\/uploads\/2012\/11\/lansare-transagropolis.jpg\"><img loading=\"lazy\" decoding=\"async\" class=\"alignleft size-large wp-image-3002\" title=\"lansare transagropolis\" src=\"http:\/\/infois.ro\/wp-content\/uploads\/cache\/2012\/11\/lansare-transagropolis\/2099072012.jpg\" alt=\"\" width=\"640\" height=\"278\" \/><\/a><\/p>\n<p style=\"text-align: justify;\">Luni, 26 noiembrie, \u00eencep\u00e2nd cu ora 9.30, \u00een Sala de Conferin\u0163e \u201cMihai Eminescu\u201d a Hotelului Best Western Astoria, va avea loc lansarea oficial\u0103 a proiectului \u201dTRANSAGROPOLIS TRANSFRONTIER AGRIBUSINESS SUPPORT\u201d &#8211; Parcul Agroindustrial al jude\u0163ului Ia\u015fi. Lansarea va fi urmat\u0103 de o conferin\u0163\u0103 de pres\u0103 \u015fi de primul workshop (26-28 noiembrie) din proiect, organizat sub titlul: \u201eParteneriat Transfrontalier pentru Dezvoltarea Afacerilor din Agricultur\u0103\u201d &#8211; \u201eCrossborder Partnership Framework for Agribusiness Support\u201d. Potrivit purt\u0103torului de cuv\u00e2nt al CJ Ia\u0219i, Marius P\u00e2rciu, la eveniment vor participa reprezentan\u021bi ai Consiliului Jude\u0163ean Ia\u015fi, Consiliului Local Le\u0163cani, Direc\u0163iei pentru Agricultur\u0103 a Jude\u0163ului Ia\u015fi, Universit\u0103\u0163ii de \u015etiin\u0163e Agricole \u015fi Medicin\u0103 Veterinar\u0103 \u201cIon Ionescu de la Brad\u201d din Ia\u015fi, ai mai multor prim\u0103rii din Jude\u0163ele Ia\u015fi \u015fi Boto\u015fani, precum \u015fi produc\u0103tori agricoli \u015fi societ\u0103\u0163i din domeniu din aceste dou\u0103 jude\u0163e. Totodat\u0103, Raioanele F\u0103le\u015fti \u015fi Ungheni din Republica Moldova \u015fi Regiunea Vinnitsa din Ucraina, partenere \u00een proiect, vor fi prezente prin importan\u0163i reprezentan\u0163i ai administra\u0163iei publice locale \u015fi ai mediului de afaceri din domeniul agricol. \u201eTransagropolis este un proiect la care \u0163in \u015fi care sper s\u0103 se dezvolte c\u00e2t mai mult. De\u015fi luni vom lansa \u00een mod oficial proiectul, din 15 mai, data semn\u0103rii contractului,\u015fi p\u00e2n\u0103 \u00een prezent au fost f\u0103cu\u0163i mai mul\u0163i pa\u015fi importan\u0163i. \u00cen prezent suntem la etapa evalu\u0103rii ofertelor pentru realizarea studiului de fezabilitate, urm\u00e2nd ca \u00een prim\u0103var\u0103 s\u0103 lans\u0103m licita\u0163ia pentru realizarea proiectului tehnic \u015fi pentru execu\u0163ia lucr\u0103rilor. Sper\u0103m s\u0103 nu avem contesta\u0163ii la licita\u0163ii \u015fi s\u0103 \u00eencepem lucr\u0103rile \u00een a doua jum\u0103tate a anului viitor\u201d, a declarat Cristian Adomni\u021bei, pre\u015fedintele Consiliului Jude\u0163ean Ia\u0219i.<\/p>\n<p style=\"text-align: justify;\">Proiectul \u201dTRANSAGROPOLIS TRANSFRONTIER AGRIBUSINESS SUPPORT\u201d este finan\u0163at prin Programul Opera\u0163ional Comun Rom\u00e2nia-Ucraina-Republica Moldova 2007-2013 \u015fi are ca obiectiv dezvoltarea infrastructurii de marketing agricol \u00een scopul \u00eembun\u0103t\u0103\u0163irii performan\u0163elor economiei din zona transfrontalier\u0103. Valoarea proiectului este de 4.313.344,19 euro. Valoarea grantului acordat de Uniunea European\u0103 este de 2.783.401,01 euro, iar cofinan\u0163area Consiliului Jude\u0163ean Ia\u015fi este de 1.529.943,18 euro.<\/p>\n","protected":false},"excerpt":{"rendered":"<p>Luni, 26 noiembrie, \u00eencep\u00e2nd cu ora 9.30, \u00een Sala de Conferin\u0163e \u201cMihai Eminescu\u201d a Hotelului&#8230; <a class=\"meta-more\" href=\"https:\/\/infois.ro\/?p=3001\">more <span class=\"meta-nav\">&raquo;<\/span><\/a><\/p>\n","protected":false},"author":2,"featured_media":3002,"comment_status":"open","ping_status":"open","sticky":false,"template":"","format":"standard","meta":{"footnotes":""},"categories":[1,41],"tags":[74,1303,40,1302,1301],"aioseo_notices":[],"_links":{"self":[{"href":"https:\/\/infois.ro\/index.php?rest_route=\/wp\/v2\/posts\/3001"}],"collection":[{"href":"https:\/\/infois.ro\/index.php?rest_route=\/wp\/v2\/posts"}],"about":[{"href":"https:\/\/infois.ro\/index.php?rest_route=\/wp\/v2\/types\/post"}],"author":[{"embeddable":true,"href":"https:\/\/infois.ro\/index.php?rest_route=\/wp\/v2\/users\/2"}],"replies":[{"embeddable":true,"href":"https:\/\/infois.ro\/index.php?rest_route=%2Fwp%2Fv2%2Fcomments&post=3001"}],"version-history":[{"count":2,"href":"https:\/\/infois.ro\/index.php?rest_route=\/wp\/v2\/posts\/3001\/revisions"}],"predecessor-version":[{"id":3004,"href":"https:\/\/infois.ro\/index.php?rest_route=\/wp\/v2\/posts\/3001\/revisions\/3004"}],"wp:featuredmedia":[{"embeddable":true,"href":"https:\/\/infois.ro\/index.php?rest_route=\/wp\/v2\/media\/3002"}],"wp:attachment":[{"href":"https:\/\/infois.ro\/index.php?rest_route=%2Fwp%2Fv2%2Fmedia&parent=3001"}],"wp:term":[{"taxonomy":"category","embeddable":true,"href":"https:\/\/infois.ro\/index.php?rest_route=%2Fwp%2Fv2%2Fcategories&post=3001"},{"taxonomy":"post_tag","embeddable":true,"href":"https:\/\/infois.ro\/index.php?rest_route=%2Fwp%2Fv2%2Ftags&post=3001"}],"curies":[{"name":"wp","href":"https:\/\/api.w.org\/{rel}","templated":true}]}}