{"id":30076,"date":"2017-08-11T15:31:10","date_gmt":"2017-08-11T12:31:10","guid":{"rendered":"http:\/\/infois.ro\/?p=30076"},"modified":"2017-08-11T15:31:10","modified_gmt":"2017-08-11T12:31:10","slug":"primarul-mihai-chirica-a-avut-o-intrevedere-cu-o-delegatie-din-orasul-chinez-sanmenxia","status":"publish","type":"post","link":"https:\/\/infois.ro\/?p=30076","title":{"rendered":"Primarul Mihai Chirica a avut o \u00eentrevedere cu o delega\u021bie din ora\u0219ul chinez Sanmenxia"},"content":{"rendered":"<p><a href=\"http:\/\/infois.ro\/wp-content\/uploads\/2017\/08\/delegatie-China.jpg\"><img loading=\"lazy\" decoding=\"async\" class=\"alignleft  wp-image-30077\" src=\"http:\/\/infois.ro\/wp-content\/uploads\/2017\/08\/delegatie-China.jpg\" alt=\"\" width=\"337\" height=\"226\" srcset=\"https:\/\/infois.ro\/wp-content\/uploads\/2017\/08\/delegatie-China.jpg 640w, https:\/\/infois.ro\/wp-content\/uploads\/2017\/08\/delegatie-China-300x201.jpg 300w\" sizes=\"(max-width: 337px) 100vw, 337px\" \/><\/a><\/p>\n<p style=\"text-align: justify;\"><strong>Primarul Mihai Chirica<\/strong> a primit ast\u0103zi, la Palatul Roznovanu, vizita unei delega\u021bii de reprezentan\u021bi ai administra\u021biei publice a ora\u0219ului chinez Sanmenxia, condus\u0103 de <strong>viceprimarul Sun JiWei<\/strong>. Vizita a fost facilitat\u0103 de schimbul cultural existent \u00eentre Complexul Muzeal Na\u021bional \u201eMoldova\u201d din Ia\u0219i \u0219i Institutul de Arheologie din cadrul Academiei Chineze de \u0218tiin\u021be Sociale.<\/p>\n<p style=\"text-align: justify;\">\u00cen cadrul \u00eentrevederii din Sala \u201eVasile Pogor\u201d a Prim\u0103riei Municipiului Ia\u0219i, la care a participat \u0219i <strong>Paul Butnariu<\/strong>, <strong>pre\u0219edintele Camerei de Comer\u021b \u0219i Industrie Ia\u0219i<\/strong>, edilul a f\u0103cut o scurt\u0103 prezentare a ora\u0219ului \u0219i a prezentat oportunit\u0103\u021bile economice existente. <em>\u201eAm discutat despre posibilele schimburi educa\u021bionale \u0219i culturale. Totodat\u0103, pentru c\u0103 regiunea este renumit\u0103 pentru extrac\u021biile de aur, am discutat despre poten\u021biale rela\u021bii economice \u00eentre companii private sau de stat din China \u0219i firmele din Ia\u0219i specializate \u00een acest domeniu\u201d<\/em>, a declarat <strong>Mihai Chirica<\/strong>.<\/p>\n<p style=\"text-align: justify;\">Delega\u021bia chinez\u0103 a mai avut \u00eentrevederi cu <strong>L\u0103cr\u0103mioara Stratulat<\/strong>, managerul <strong>Complexului Muzeal Na\u021bional \u201eMoldova\u201d<\/strong> \u0219i cu reprezentan\u021bi ai <strong>Institu\u021biei Prefectului \u2013 Jude\u021bul Ia\u0219i<\/strong> \u0219i <strong>Consiliului Jude\u021bean Ia\u0219i<\/strong>.<\/p>\n","protected":false},"excerpt":{"rendered":"<p>Primarul Mihai Chirica a primit ast\u0103zi, la Palatul Roznovanu, vizita unei delega\u021bii de reprezentan\u021bi ai&#8230; <a class=\"meta-more\" href=\"https:\/\/infois.ro\/?p=30076\">more <span class=\"meta-nav\">&raquo;<\/span><\/a><\/p>\n","protected":false},"author":2,"featured_media":30077,"comment_status":"open","ping_status":"closed","sticky":false,"template":"","format":"standard","meta":{"footnotes":""},"categories":[1,41],"tags":[74,1188,5373,9628,40,9629],"aioseo_notices":[],"_links":{"self":[{"href":"https:\/\/infois.ro\/index.php?rest_route=\/wp\/v2\/posts\/30076"}],"collection":[{"href":"https:\/\/infois.ro\/index.php?rest_route=\/wp\/v2\/posts"}],"about":[{"href":"https:\/\/infois.ro\/index.php?rest_route=\/wp\/v2\/types\/post"}],"author":[{"embeddable":true,"href":"https:\/\/infois.ro\/index.php?rest_route=\/wp\/v2\/users\/2"}],"replies":[{"embeddable":true,"href":"https:\/\/infois.ro\/index.php?rest_route=%2Fwp%2Fv2%2Fcomments&post=30076"}],"version-history":[{"count":1,"href":"https:\/\/infois.ro\/index.php?rest_route=\/wp\/v2\/posts\/30076\/revisions"}],"predecessor-version":[{"id":30078,"href":"https:\/\/infois.ro\/index.php?rest_route=\/wp\/v2\/posts\/30076\/revisions\/30078"}],"wp:featuredmedia":[{"embeddable":true,"href":"https:\/\/infois.ro\/index.php?rest_route=\/wp\/v2\/media\/30077"}],"wp:attachment":[{"href":"https:\/\/infois.ro\/index.php?rest_route=%2Fwp%2Fv2%2Fmedia&parent=30076"}],"wp:term":[{"taxonomy":"category","embeddable":true,"href":"https:\/\/infois.ro\/index.php?rest_route=%2Fwp%2Fv2%2Fcategories&post=30076"},{"taxonomy":"post_tag","embeddable":true,"href":"https:\/\/infois.ro\/index.php?rest_route=%2Fwp%2Fv2%2Ftags&post=30076"}],"curies":[{"name":"wp","href":"https:\/\/api.w.org\/{rel}","templated":true}]}}