{"id":30082,"date":"2017-08-11T15:35:06","date_gmt":"2017-08-11T12:35:06","guid":{"rendered":"http:\/\/infois.ro\/?p=30082"},"modified":"2017-08-11T15:35:06","modified_gmt":"2017-08-11T12:35:06","slug":"programul-municipalitatii-iesene-in-perioada-14-19-august","status":"publish","type":"post","link":"https:\/\/infois.ro\/?p=30082","title":{"rendered":"Programul municipalit\u0103\u021bii ie\u0219ene \u00een perioada 14 &#8211; 19 august"},"content":{"rendered":"<p><a href=\"http:\/\/infois.ro\/wp-content\/uploads\/2015\/07\/primaria-iasi.jpg\"><img loading=\"lazy\" decoding=\"async\" class=\"alignleft  wp-image-18608\" src=\"http:\/\/infois.ro\/wp-content\/uploads\/2015\/07\/primaria-iasi.jpg\" alt=\"\" width=\"384\" height=\"227\" srcset=\"https:\/\/infois.ro\/wp-content\/uploads\/2015\/07\/primaria-iasi.jpg 640w, https:\/\/infois.ro\/wp-content\/uploads\/2015\/07\/primaria-iasi-300x177.jpg 300w\" sizes=\"(max-width: 384px) 100vw, 384px\" \/><\/a><\/p>\n<p style=\"text-align: justify;\">Conform prevederilor legale, zilele de luni \u0219i mar\u021bi, 14 \u015fi, respectiv, 15 august, sunt declarate zile libere. \u00cen acest context activitatea Prim\u0103riei Municipiului Ia\u0219i \u0219i a direc\u021biilor \u0219i societ\u0103\u021bilor comerciale subordonate va suferi unele modific\u0103ri.<\/p>\n<p style=\"text-align: justify;\">Astfel, angaja\u021bii Prim\u0103riei Municipiului Ia\u0219i, inclusiv ai Direc\u021biei Economice \u0219i Finan\u021be Publice Locale \u0219i ai centrelor de cartier, nu vor lucra \u00een primele dou\u0103 zile ale s\u0103pt\u0103m\u00e2nii viitoare, \u00eens\u0103 ziua de luni, 14 august, va fi recuperat\u0103 s\u00e2mb\u0103t\u0103, 19 august, dup\u0103 programul unei zile normale de lucru (\u00eentre orele 8.00 \u0219i 16.00). Programul normal de lucru va fi reluat miercuri, 16 august.<\/p>\n<p style=\"text-align: justify;\">De asemenea, angaja\u0163ii Direc\u0163iei de Asisten\u0163\u0103 Comunitar\u0103 vor avea liber luni \u0219i mar\u021bi. Ziua de 14 august va fi recuperat\u0103 prin prelungirea programului de lucru cu c\u00e2te o or\u0103, \u00eentre orele 8.00 \u0219i 17.00, \u00een perioadele 7 \u2013 11 august \u015fi 16 \u2013 18 august, c\u00e2nd \u0219i programul de lucru cu publicul al institu\u0163iei se prelunge\u015fte cu o jum\u0103tate de or\u0103.<\/p>\n<p style=\"text-align: justify;\">\u00cen ceea ce prive\u0219te Direc\u021bia Local\u0103 de Eviden\u021b\u0103 a Persoanelor, la Serviciul de Eviden\u0163\u0103 a Persoanelor zilele de 14 \u015fi 15 august sunt libere. Ziua de luni, 14 august, va fi recuperat\u0103 s\u00e2mb\u0103t\u0103, 19 august, dup\u0103 programul unei zile de luni, anume \u00eentre orele 8.30 \u0219i 14.30 (lucru cu publicul). La Serviciul de Stare Civil\u0103 se va lucra astfel: \u00eenregistrarea deceselor, s\u00e2mb\u0103t\u0103, 12 august, \u00eentre orele 8.00 \u0219i 12.00, \u0219i luni, 14 august, \u00eentre orele 8.30 \u0219i 12.30; primirea dosarelor de c\u0103s\u0103torie, luni, 14 august, \u00eentre orele 8.30 \u0219i 12.30 (se primesc dosarele pentru c\u0103s\u0103toriile din zilele de 23 \u015fi 24 august); oficierea de c\u0103s\u0103torii, luni, 14 august, \u00eentre orele 13.00 \u0219i 14.00. La Serviciul de Stare Civil\u0103 ziua de luni, 14 august, va fi recuperat\u0103 s\u00e2mb\u0103t\u0103, 19 august, dup\u0103 programul unei zile de luni, anume \u00eentre orele 8.30 \u0219i 12.30 (lucru cu publicul).<\/p>\n<p style=\"text-align: justify;\">Nici Termo-Service S.A. nu va lucra luni \u0219i mar\u021bi, urm\u00e2nd s\u0103 recupereze ziua de 14 august prin prelungirea programului normal. \u00cen zilele libere, angaja\u021bii Termo-Service SA vor asigura permanen\u021ba pe timpul zilei la situa\u021biile de urgen\u021b\u0103, acestea put\u00e2nd fi reclamate la numerele de telefon 0232.218.253 \u0219i 0740.51.51.51.<\/p>\n<p style=\"text-align: justify;\">\u00cen perioada 12 &#8211; 15 august Salubris SA va desf\u0103\u0219ura activitatea de salubrizare stradal\u0103 \u0219i menajer\u0103 dup\u0103 programul obi\u0219nuit de lucru, at\u00e2t \u00een ceea ce prive\u0219te colectarea \u0219i transportul de\u0219eurilor, c\u00e2t \u0219i m\u0103turatul \u0219i sp\u0103latul c\u0103ilor publice. Cum \u00een perioada minivacan\u021bei sunt prognozate temperaturi ridicate, echipele Salubris SA vor fi mobilizate \u0219i \u00een zonele de agrement ale municipalit\u0103\u021bii. Doar la sediul Salubris SA din \u0219os. Na\u021bional\u0103 nr. 43 casieriile \u0219i birourile care au program cu publicul vor fi \u00eenchise \u00een ziua de mar\u021bi, 15 august.<\/p>\n<p style=\"text-align: justify;\">Citadin S.A. \u0219i Servicii Publice S.A. vor asigura permanen\u021ba \u00een perioada 12 &#8211; 15 august \u0219i vor avea echipe mixte preg\u0103tite s\u0103 intervin\u0103, al\u0103turi de angaja\u021bii Salubris SA, pentru eliminarea eventualelor efecte negative generate de fenomenele meteorologice care pot ap\u0103rea \u00een aceste zile. \u00cen situa\u021bia \u00een care \u00een zilele libere eventualele furtuni vor dobor\u00ee arbori pe domeniul public, astfel de situa\u021bii pot fi reclamate la Servicii Publice SA, la num\u0103rul de telefon 0731.700.042.<\/p>\n<p style=\"text-align: justify;\">Luni, 14 august, Compania de Transport Public S.A. va scoate la strad\u0103 85 de autobuze, 52 de tramvaie \u0219i dou\u0103 microbuze, iar mar\u021bi, 15 august, va func\u021biona dup\u0103 programul unei zile de s\u00e2mb\u0103t\u0103, cu 76 de autobuze, 49 de tramvaie \u0219i dou\u0103 microbuze. Pe de alt\u0103 parte, tramvaiul de epoc\u0103 al Companiei de Transport Public SA va circula \u00eencep\u00e2nd de duminic\u0103, 13 august, p\u00e2n\u0103 mar\u021bi, 15 august, \u00eentre orele 11.00 \u0219i 18.30. Vagonul de epoc\u0103 va circula pe traseul T\u00e2rgu Cucu \u2013 Copou \u2013 T\u00e2rgu Cucu \u2013 Podu Ro\u0219 &#8211; Baza 3 \u2013 Tudor Vladimirescu \u2013 T\u00e2rgu Cucu \u2013 Copou \u0219i retur, iar validarea c\u0103l\u0103toriei se va face prin prezentarea biletului la vatman. Informa\u021bii suplimentare pot fi ob\u021binute la num\u0103rul telverde 0800.110.427, gratuit \u00een orice re\u021bea de telefonie mobil\u0103 \u0219i Telekom.<\/p>\n<p style=\"text-align: justify;\">Zonele de agrement ale municipalit\u0103\u021bii, anume Baza Ciric, Plaja Nicolina \u0219i \u0218trandul Municipal, vor fi deschise \u00een aceast\u0103 perioad\u0103 \u0219i vor func\u021biona dup\u0103 programul normal.<\/p>\n<p style=\"text-align: justify;\">De asemenea, pentru a veni \u00een \u00eent\u00e2mpinarea nevoilor turi\u0219tilor care se vor afla \u00een ora\u0219, Centrul de Informare Turistic\u0103 al Prim\u0103riei Municipiului Ia\u015fi va fi deschis pentru vizitatori luni \u0219i mar\u021bi, \u00een intervalul orar 9.00 \u2013 17.00.<\/p>\n<p style=\"text-align: justify;\">Pentru urgen\u021be, ie\u0219enii pot apela Prim\u0103ria Municipiului Ia\u0219i la \u201eTelefonul Cet\u0103\u0163eanului\u201d &#8211; 0232.984 &#8211; care func\u0163ioneaz\u0103 non stop.<\/p>\n","protected":false},"excerpt":{"rendered":"<p>Conform prevederilor legale, zilele de luni \u0219i mar\u021bi, 14 \u015fi, respectiv, 15 august, sunt declarate&#8230; <a class=\"meta-more\" href=\"https:\/\/infois.ro\/?p=30082\">more <span class=\"meta-nav\">&raquo;<\/span><\/a><\/p>\n","protected":false},"author":2,"featured_media":18608,"comment_status":"open","ping_status":"closed","sticky":false,"template":"","format":"standard","meta":{"footnotes":""},"categories":[1,41],"tags":[74,40,296,3269,1607,2115],"aioseo_notices":[],"_links":{"self":[{"href":"https:\/\/infois.ro\/index.php?rest_route=\/wp\/v2\/posts\/30082"}],"collection":[{"href":"https:\/\/infois.ro\/index.php?rest_route=\/wp\/v2\/posts"}],"about":[{"href":"https:\/\/infois.ro\/index.php?rest_route=\/wp\/v2\/types\/post"}],"author":[{"embeddable":true,"href":"https:\/\/infois.ro\/index.php?rest_route=\/wp\/v2\/users\/2"}],"replies":[{"embeddable":true,"href":"https:\/\/infois.ro\/index.php?rest_route=%2Fwp%2Fv2%2Fcomments&post=30082"}],"version-history":[{"count":1,"href":"https:\/\/infois.ro\/index.php?rest_route=\/wp\/v2\/posts\/30082\/revisions"}],"predecessor-version":[{"id":30083,"href":"https:\/\/infois.ro\/index.php?rest_route=\/wp\/v2\/posts\/30082\/revisions\/30083"}],"wp:featuredmedia":[{"embeddable":true,"href":"https:\/\/infois.ro\/index.php?rest_route=\/wp\/v2\/media\/18608"}],"wp:attachment":[{"href":"https:\/\/infois.ro\/index.php?rest_route=%2Fwp%2Fv2%2Fmedia&parent=30082"}],"wp:term":[{"taxonomy":"category","embeddable":true,"href":"https:\/\/infois.ro\/index.php?rest_route=%2Fwp%2Fv2%2Fcategories&post=30082"},{"taxonomy":"post_tag","embeddable":true,"href":"https:\/\/infois.ro\/index.php?rest_route=%2Fwp%2Fv2%2Ftags&post=30082"}],"curies":[{"name":"wp","href":"https:\/\/api.w.org\/{rel}","templated":true}]}}