{"id":3023,"date":"2012-11-27T13:16:18","date_gmt":"2012-11-27T11:16:18","guid":{"rendered":"http:\/\/infois.ro\/?p=3023"},"modified":"2012-11-27T13:16:18","modified_gmt":"2012-11-27T11:16:18","slug":"bazele-de-deszapezire-din-judet-pregatite-pentru-venirea-iernii","status":"publish","type":"post","link":"https:\/\/infois.ro\/?p=3023","title":{"rendered":"Bazele de desz\u0103pezire din jude\u0163, preg\u0103tite pentru venirea iernii"},"content":{"rendered":"<p style=\"text-align: justify;\"><a class=\"highslide\" onclick=\"return vz.expand(this)\" href=\"http:\/\/infois.ro\/wp-content\/uploads\/2012\/11\/baze-deszapezire-iasi.jpg\"><img loading=\"lazy\" decoding=\"async\" class=\"alignleft size-large wp-image-3024\" title=\"baze deszapezire iasi\" src=\"http:\/\/infois.ro\/wp-content\/uploads\/cache\/2012\/11\/baze-deszapezire-iasi\/1510607689.jpg\" alt=\"\" width=\"560\" height=\"316\" \/><\/a>Pre\u0219edintele Consiliului Jude\u021bean (CJ) Ia\u0219i, Cristian Adomni\u021bei, \u00eenso\u021bit de directorul Direc\u0163iei Jude\u0163ene de Administrare a Drumurilor \u015fi Podurilor (DJADP), Daniel Minciun\u0103, au verificat \u00een cursul zilei de luni, 26 noiembrie, bazele de desz\u0103pezire amenajate \u00een jude\u021b, pentru a constata la fa\u021ba locului modul \u00een care utilajele de interven\u021bie sunt preg\u0103tite s\u0103 intervin\u0103 pentru degajarea z\u0103pezii de pe drumurile jude\u021bene. \u00a0\u00cen urma vizitei, \u0219eful Legislativului jude\u021bean s-a ar\u0103tat, \u00een general, mul\u021bumit de ceea ce a v\u0103zut, subliniind c\u0103 nu au fost constatate nereguli majore \u00een niciunul dintre aceste puncte. \u201eAvem trei baze de desz\u0103pezire a drumurilor jude\u0163ene, la Ia\u015fi, T\u00e2rgu Frumos \u015fi Pa\u015fcani, \u015fi dou\u0103 puncte suport, la \u0162ib\u0103ne\u015fti \u015fi Vl\u0103deni. Pentru zilele \u00een care nu vom avea parte de interven\u0163ii deosebite, adic\u0103 nu vom avea nici polei \u015fi nici z\u0103pad\u0103, \u015fi exist\u0103 doar timpi de a\u015fteptare, ei vor fi pl\u0103ti\u0163i 8 ore pe zi \u015fi 24 de ore pe zi ca \u015fi timp de a\u015fteptare. Cel mai probabil ordinul de \u00eencepere a lucr\u0103rilor va fi dat \u00een aceast\u0103 s\u0103pt\u0103m\u00e2n\u0103 \u00eentruc\u00e2t p\u00e2n\u0103 acum nu au fost \u00eenregistrate temperaturi negative\u201d, a declarat Cristian Adomni\u021bei. Licita\u0163ia pentru desz\u0103pezirea drumurilor jude\u0163ene din aceast\u0103 iarn\u0103 a fost c\u00e2\u015ftigat\u0103 de consor\u0163iul Enviro Construct, Ted Construct \u015fi Eky-Sam, valoarea ofertei c\u00e2\u015ftig\u0103toare fiind de aproximativ 4 milioane de lei, f\u0103r\u0103 TVA. \u00cen toate punctele sunt prezente utilajele solicitate prin caietul de sarcini (\u00een bun\u0103 stare de func\u0163ionare). Totodat\u0103, firmele au peste 50% din necesarul de material antiderapant prev\u0103zut \u00een contract (\u00een caietul de sarcini era solicitat minim 30%).<\/p>\n","protected":false},"excerpt":{"rendered":"<p>Pre\u0219edintele Consiliului Jude\u021bean (CJ) Ia\u0219i, Cristian Adomni\u021bei, \u00eenso\u021bit de directorul Direc\u0163iei Jude\u0163ene de Administrare a&#8230; <a class=\"meta-more\" href=\"https:\/\/infois.ro\/?p=3023\">more <span class=\"meta-nav\">&raquo;<\/span><\/a><\/p>\n","protected":false},"author":2,"featured_media":3024,"comment_status":"open","ping_status":"open","sticky":false,"template":"","format":"standard","meta":{"footnotes":""},"categories":[1,41],"tags":[74,374,1310,40],"aioseo_notices":[],"_links":{"self":[{"href":"https:\/\/infois.ro\/index.php?rest_route=\/wp\/v2\/posts\/3023"}],"collection":[{"href":"https:\/\/infois.ro\/index.php?rest_route=\/wp\/v2\/posts"}],"about":[{"href":"https:\/\/infois.ro\/index.php?rest_route=\/wp\/v2\/types\/post"}],"author":[{"embeddable":true,"href":"https:\/\/infois.ro\/index.php?rest_route=\/wp\/v2\/users\/2"}],"replies":[{"embeddable":true,"href":"https:\/\/infois.ro\/index.php?rest_route=%2Fwp%2Fv2%2Fcomments&post=3023"}],"version-history":[{"count":1,"href":"https:\/\/infois.ro\/index.php?rest_route=\/wp\/v2\/posts\/3023\/revisions"}],"predecessor-version":[{"id":3025,"href":"https:\/\/infois.ro\/index.php?rest_route=\/wp\/v2\/posts\/3023\/revisions\/3025"}],"wp:featuredmedia":[{"embeddable":true,"href":"https:\/\/infois.ro\/index.php?rest_route=\/wp\/v2\/media\/3024"}],"wp:attachment":[{"href":"https:\/\/infois.ro\/index.php?rest_route=%2Fwp%2Fv2%2Fmedia&parent=3023"}],"wp:term":[{"taxonomy":"category","embeddable":true,"href":"https:\/\/infois.ro\/index.php?rest_route=%2Fwp%2Fv2%2Fcategories&post=3023"},{"taxonomy":"post_tag","embeddable":true,"href":"https:\/\/infois.ro\/index.php?rest_route=%2Fwp%2Fv2%2Ftags&post=3023"}],"curies":[{"name":"wp","href":"https:\/\/api.w.org\/{rel}","templated":true}]}}