{"id":3039,"date":"2012-11-28T13:11:33","date_gmt":"2012-11-28T11:11:33","guid":{"rendered":"http:\/\/infois.ro\/?p=3039"},"modified":"2012-11-28T13:11:33","modified_gmt":"2012-11-28T11:11:33","slug":"ambasadorul-marii-britanii-in-romania-interesat-de-proiectul-de-modernizare-a-aeroportului-iesean","status":"publish","type":"post","link":"https:\/\/infois.ro\/?p=3039","title":{"rendered":"Ambasadorul Marii Britanii \u00een Rom\u00e2nia, interesat de proiectul de modernizare a Aeroportului ie\u0219ean"},"content":{"rendered":"<p style=\"text-align: justify;\"><a class=\"highslide\" onclick=\"return vz.expand(this)\" href=\"http:\/\/infois.ro\/wp-content\/uploads\/2012\/11\/Martin-Harris.jpg\"><img loading=\"lazy\" decoding=\"async\" class=\"alignleft size-medium wp-image-3040\" title=\"Martin Harris\" src=\"http:\/\/infois.ro\/wp-content\/uploads\/cache\/2012\/11\/Martin-Harris\/1858069299.jpg\" alt=\"\" width=\"300\" height=\"217\" \/><\/a>Pre\u015fedintele Consiliului Jude\u0163ean (CJ) Ia\u0219i, Cristian Adomni\u021bei, a avut mar\u021bi, 27 noiembrie, o \u00eentrevedere cu Excelen\u0163a Sa Martin Harris, ambasadorul Regatului Unit al Marii Britanii \u015fi al Irlandei de Nord \u00een Rom\u00e2nia. Discu\u0163iile, care au durat mai bine de o or\u0103, au avut ca principal subiect modernizarea Aeroportului Interna\u021bional de la Ia\u0219i. \u201eAm avut o discu\u0163ie extrem de interesant\u0103 cu Excelen\u0163a Sa. I-am explicat de unde am pornit, care este situa\u0163ia actual\u0103, precum \u015fi planurile noastre de modernizare a aerog\u0103rii. Am discutat \u015fi despre planurile adiacente acestui proiect, m\u0103 refer la Centrul Intermodal Regional de Transport Marf\u0103. Un alt subiect dezb\u0103tut a fost cel privitor la dezvoltarea rela\u0163iilor externe, pe care le avem, \u015fi rolul jude\u0163ului Ia\u015fi \u00een promovarea valorilor \u015fi principiilor Uniunii Europene\u201d, a declarat, la sf\u00e2r\u0219itul \u00eent\u00e2lnirii, pre\u0219edintele CJ Ia\u0219i.<\/p>\n<p style=\"text-align: justify;\">\n","protected":false},"excerpt":{"rendered":"<p>Pre\u015fedintele Consiliului Jude\u0163ean (CJ) Ia\u0219i, Cristian Adomni\u021bei, a avut mar\u021bi, 27 noiembrie, o \u00eentrevedere cu&#8230; <a class=\"meta-more\" href=\"https:\/\/infois.ro\/?p=3039\">more <span class=\"meta-nav\">&raquo;<\/span><\/a><\/p>\n","protected":false},"author":2,"featured_media":3040,"comment_status":"open","ping_status":"open","sticky":false,"template":"","format":"standard","meta":{"footnotes":""},"categories":[1],"tags":[465,374,1314],"aioseo_notices":[],"_links":{"self":[{"href":"https:\/\/infois.ro\/index.php?rest_route=\/wp\/v2\/posts\/3039"}],"collection":[{"href":"https:\/\/infois.ro\/index.php?rest_route=\/wp\/v2\/posts"}],"about":[{"href":"https:\/\/infois.ro\/index.php?rest_route=\/wp\/v2\/types\/post"}],"author":[{"embeddable":true,"href":"https:\/\/infois.ro\/index.php?rest_route=\/wp\/v2\/users\/2"}],"replies":[{"embeddable":true,"href":"https:\/\/infois.ro\/index.php?rest_route=%2Fwp%2Fv2%2Fcomments&post=3039"}],"version-history":[{"count":1,"href":"https:\/\/infois.ro\/index.php?rest_route=\/wp\/v2\/posts\/3039\/revisions"}],"predecessor-version":[{"id":3041,"href":"https:\/\/infois.ro\/index.php?rest_route=\/wp\/v2\/posts\/3039\/revisions\/3041"}],"wp:featuredmedia":[{"embeddable":true,"href":"https:\/\/infois.ro\/index.php?rest_route=\/wp\/v2\/media\/3040"}],"wp:attachment":[{"href":"https:\/\/infois.ro\/index.php?rest_route=%2Fwp%2Fv2%2Fmedia&parent=3039"}],"wp:term":[{"taxonomy":"category","embeddable":true,"href":"https:\/\/infois.ro\/index.php?rest_route=%2Fwp%2Fv2%2Fcategories&post=3039"},{"taxonomy":"post_tag","embeddable":true,"href":"https:\/\/infois.ro\/index.php?rest_route=%2Fwp%2Fv2%2Ftags&post=3039"}],"curies":[{"name":"wp","href":"https:\/\/api.w.org\/{rel}","templated":true}]}}