{"id":3042,"date":"2012-11-28T13:13:33","date_gmt":"2012-11-28T11:13:33","guid":{"rendered":"http:\/\/infois.ro\/?p=3042"},"modified":"2012-11-28T13:13:33","modified_gmt":"2012-11-28T11:13:33","slug":"bursa-pentru-animale-organizata-la-iasi","status":"publish","type":"post","link":"https:\/\/infois.ro\/?p=3042","title":{"rendered":"\u201dBurs\u0103 pentru animale\u201d, organizat\u0103 la Ia\u0219i"},"content":{"rendered":"<p style=\"text-align: justify;\"><a class=\"highslide\" onclick=\"return vz.expand(this)\" href=\"http:\/\/infois.ro\/wp-content\/uploads\/2012\/11\/bursa-pentru-animale.jpg\"><img loading=\"lazy\" decoding=\"async\" class=\"alignleft size-large wp-image-3043\" title=\"bursa pentru animale\" src=\"http:\/\/infois.ro\/wp-content\/uploads\/cache\/2012\/11\/bursa-pentru-animale\/4211191203.jpg\" alt=\"\" width=\"630\" height=\"418\" \/><\/a>Pre\u015fedintele Consiliului Jude\u0163ean (CJ) Ia\u0219i, Cristian Adomni\u021bei, a participat mar\u021bi, 27 noiembrie, la sediul Direc\u021biei Generale Agricole \u0219i de Dezvoltare Rural\u0103 la\u00a0 \u00eent\u00e2lnirea membrilor asocia\u0163iilor cresc\u0103torilor de animale din jude\u0163ul Ia\u015fi. Evenimentul a fost organizat de c\u0103tre Camera Agricol\u0103 Jude\u0163ean\u0103 \u015fi a f\u0103cut parte din seria \u00eent\u00e2lnirilor privind acordului sprijinului pentru organizarea \u015fi func\u0163ionarea formelor asociative. Printre temele dezb\u0103tute s-au num\u0103rat probleme precum func\u0163ionarea formelor asociative, organizarea t\u00e2rgurilor zonale pentru cresc\u0103torii de animale, iriga\u0163iile pentru baza furajer\u0103, necesitatea amelior\u0103rii raselor de animale \u015fi a implic\u0103rii institu\u0163iilor de profil \u00een sprijinirea cresc\u0103torilor, colaborarea cu institu\u0163iile de cercetare de profil. Totodat\u0103, au fost f\u0103cute propuneri pentru organizarea unei Burse pentru animale \u015fi a unui centru expozi\u0163ional permanent. \u201e\u00cent\u00e2lnirea de ast\u0103zi (mar\u021bi, 27 noiembrie \u2013 n.r.) face parte din seria de \u00eent\u00e2lniri cu reprezentan\u0163ii asocia\u0163iilor din domeniul agriculturii. Vreau ca asocia\u0163iile de produc\u0103tori s\u0103 func\u0163ioneze \u00een adev\u0103ratul sens al cuv\u00e2ntului, dar pentru ca acest lucru s\u0103 devin\u0103 realitate fiec\u0103rui produc\u0103tor trebuie s\u0103 i se explice avantajele ader\u0103rii la o astfel de structur\u0103. \u00cen perioada imediat urm\u0103toare, seria \u00eent\u00e2lnirilor va continua. Urmeaz\u0103 s\u0103 m\u0103 \u00eent\u00e2lnesc cu reprezentan\u0163ii formele asociative din apicultur\u0103, legumicultur\u0103, pomicultur\u0103 \u015fi culturi de cereale. Sper ca num\u0103rul participan\u0163ilor s\u0103 fie c\u00e2t mai mare\u201d, a declarat, la finalul discu\u021biilor, pre\u0219edintele CJ Ia\u0219i.<\/p>\n","protected":false},"excerpt":{"rendered":"<p>Pre\u015fedintele Consiliului Jude\u0163ean (CJ) Ia\u0219i, Cristian Adomni\u021bei, a participat mar\u021bi, 27 noiembrie, la sediul Direc\u021biei&#8230; <a class=\"meta-more\" href=\"https:\/\/infois.ro\/?p=3042\">more <span class=\"meta-nav\">&raquo;<\/span><\/a><\/p>\n","protected":false},"author":2,"featured_media":3043,"comment_status":"open","ping_status":"open","sticky":false,"template":"","format":"standard","meta":{"footnotes":""},"categories":[1,41],"tags":[74,1316,374,1315],"aioseo_notices":[],"_links":{"self":[{"href":"https:\/\/infois.ro\/index.php?rest_route=\/wp\/v2\/posts\/3042"}],"collection":[{"href":"https:\/\/infois.ro\/index.php?rest_route=\/wp\/v2\/posts"}],"about":[{"href":"https:\/\/infois.ro\/index.php?rest_route=\/wp\/v2\/types\/post"}],"author":[{"embeddable":true,"href":"https:\/\/infois.ro\/index.php?rest_route=\/wp\/v2\/users\/2"}],"replies":[{"embeddable":true,"href":"https:\/\/infois.ro\/index.php?rest_route=%2Fwp%2Fv2%2Fcomments&post=3042"}],"version-history":[{"count":2,"href":"https:\/\/infois.ro\/index.php?rest_route=\/wp\/v2\/posts\/3042\/revisions"}],"predecessor-version":[{"id":3045,"href":"https:\/\/infois.ro\/index.php?rest_route=\/wp\/v2\/posts\/3042\/revisions\/3045"}],"wp:featuredmedia":[{"embeddable":true,"href":"https:\/\/infois.ro\/index.php?rest_route=\/wp\/v2\/media\/3043"}],"wp:attachment":[{"href":"https:\/\/infois.ro\/index.php?rest_route=%2Fwp%2Fv2%2Fmedia&parent=3042"}],"wp:term":[{"taxonomy":"category","embeddable":true,"href":"https:\/\/infois.ro\/index.php?rest_route=%2Fwp%2Fv2%2Fcategories&post=3042"},{"taxonomy":"post_tag","embeddable":true,"href":"https:\/\/infois.ro\/index.php?rest_route=%2Fwp%2Fv2%2Ftags&post=3042"}],"curies":[{"name":"wp","href":"https:\/\/api.w.org\/{rel}","templated":true}]}}