{"id":31807,"date":"2017-11-17T11:57:26","date_gmt":"2017-11-17T09:57:26","guid":{"rendered":"http:\/\/infois.ro\/?p=31807"},"modified":"2017-11-17T11:57:26","modified_gmt":"2017-11-17T09:57:26","slug":"actiune-de-plantare-de-puieti-non-fructiferi-organizata-de-auchan-romania-la-iasi","status":"publish","type":"post","link":"https:\/\/infois.ro\/?p=31807","title":{"rendered":"Ac\u0163iune de plantare de puie\u0163i non-fructiferi, organizat\u0103 de Auchan Rom\u00e2nia la Ia\u015fi"},"content":{"rendered":"<p><a href=\"http:\/\/infois.ro\/wp-content\/uploads\/2017\/11\/plantare-puieti-auchan.jpg\"><img loading=\"lazy\" decoding=\"async\" class=\"alignleft  wp-image-31808\" src=\"http:\/\/infois.ro\/wp-content\/uploads\/2017\/11\/plantare-puieti-auchan.jpg\" alt=\"\" width=\"367\" height=\"621\" srcset=\"https:\/\/infois.ro\/wp-content\/uploads\/2017\/11\/plantare-puieti-auchan.jpg 640w, https:\/\/infois.ro\/wp-content\/uploads\/2017\/11\/plantare-puieti-auchan-177x300.jpg 177w, https:\/\/infois.ro\/wp-content\/uploads\/2017\/11\/plantare-puieti-auchan-605x1024.jpg 605w\" sizes=\"(max-width: 367px) 100vw, 367px\" \/><\/a><\/p>\n<p style=\"text-align: justify;\">Auchan Rom\u00e2nia SA organizeaz\u0103 s\u00e2mb\u0103t\u0103, 18 noiembrie, de la ora 9.00, \u00een zona CA Rosetti din Ia\u015fi, o ac\u0163iune de plantare de puie\u0163i non-fructiferi din specia Fraxinus Excelsior (frasin comun), \u00een cadrul campaniei Mobilizatron, Ac\u0163iunea de responsabilitate social\u0103, organizat\u0103 \u0219i derulat\u0103 de c\u0103tre compania Auchan Rom\u00e2nia SA \u00een 18 jude\u021be din \u0163ar\u0103, inclusiv la Ia\u015fi, \u00eei are ca parteneri pe Primaria Ia\u015fi, Romsilva, Universitatea de \u015etiin\u0163e Agricole \u015fi Medicin\u0103 Veterinar\u0103 &#8220;Ion Ionescu de la Brad&#8221;, Colegiul Agricol \u015fi de Industrie Alimentar\u0103 \u201cVasile Adamachi\u201d, Salva\u0163i Copiii Ia\u015fi, \u015ecoala Waldorf \u015fi \u015ecoala gimnazial\u0103 Costuleni.<\/p>\n","protected":false},"excerpt":{"rendered":"<p>Auchan Rom\u00e2nia SA organizeaz\u0103 s\u00e2mb\u0103t\u0103, 18 noiembrie, de la ora 9.00, \u00een zona CA Rosetti&#8230; <a class=\"meta-more\" href=\"https:\/\/infois.ro\/?p=31807\">more <span class=\"meta-nav\">&raquo;<\/span><\/a><\/p>\n","protected":false},"author":2,"featured_media":31808,"comment_status":"closed","ping_status":"closed","sticky":false,"template":"","format":"standard","meta":{"footnotes":""},"categories":[6],"tags":[160,3515,40,4144,870],"aioseo_notices":[],"_links":{"self":[{"href":"https:\/\/infois.ro\/index.php?rest_route=\/wp\/v2\/posts\/31807"}],"collection":[{"href":"https:\/\/infois.ro\/index.php?rest_route=\/wp\/v2\/posts"}],"about":[{"href":"https:\/\/infois.ro\/index.php?rest_route=\/wp\/v2\/types\/post"}],"author":[{"embeddable":true,"href":"https:\/\/infois.ro\/index.php?rest_route=\/wp\/v2\/users\/2"}],"replies":[{"embeddable":true,"href":"https:\/\/infois.ro\/index.php?rest_route=%2Fwp%2Fv2%2Fcomments&post=31807"}],"version-history":[{"count":1,"href":"https:\/\/infois.ro\/index.php?rest_route=\/wp\/v2\/posts\/31807\/revisions"}],"predecessor-version":[{"id":31809,"href":"https:\/\/infois.ro\/index.php?rest_route=\/wp\/v2\/posts\/31807\/revisions\/31809"}],"wp:featuredmedia":[{"embeddable":true,"href":"https:\/\/infois.ro\/index.php?rest_route=\/wp\/v2\/media\/31808"}],"wp:attachment":[{"href":"https:\/\/infois.ro\/index.php?rest_route=%2Fwp%2Fv2%2Fmedia&parent=31807"}],"wp:term":[{"taxonomy":"category","embeddable":true,"href":"https:\/\/infois.ro\/index.php?rest_route=%2Fwp%2Fv2%2Fcategories&post=31807"},{"taxonomy":"post_tag","embeddable":true,"href":"https:\/\/infois.ro\/index.php?rest_route=%2Fwp%2Fv2%2Ftags&post=31807"}],"curies":[{"name":"wp","href":"https:\/\/api.w.org\/{rel}","templated":true}]}}