{"id":3186,"date":"2012-12-07T14:21:58","date_gmt":"2012-12-07T12:21:58","guid":{"rendered":"http:\/\/infois.ro\/?p=3186"},"modified":"2012-12-07T14:21:58","modified_gmt":"2012-12-07T12:21:58","slug":"un-nou-proiect-de-modernizare-a-infrastructurii-in-zona-centrala-a-municipiului-demarat-de-primarie","status":"publish","type":"post","link":"https:\/\/infois.ro\/?p=3186","title":{"rendered":"Un nou proiect de modernizare a infrastructurii \u00een zona central\u0103 a municipiului, demarat de Prim\u0103rie"},"content":{"rendered":"<p style=\"text-align: justify;\"><a class=\"highslide\" onclick=\"return vz.expand(this)\" href=\"http:\/\/infois.ro\/wp-content\/uploads\/2012\/12\/proiect-accesibilitate-7-dec.jpg\"><img loading=\"lazy\" decoding=\"async\" class=\"alignleft size-large wp-image-3187\" title=\"proiect accesibilitate 7 dec\" src=\"http:\/\/infois.ro\/wp-content\/uploads\/cache\/2012\/12\/proiect-accesibilitate-7-dec\/376860453.jpg\" alt=\"\" width=\"550\" height=\"366\" \/><\/a>\u00cen prezen\u021ba primarului Gheorghe Nichita, la Ia\u0219i a avut loc vineri, 7 decembrie,\u00a0 conferin\u021ba de lansare oficial\u0103 a proiectului \u201dCre\u0219terea accesibilit\u0103\u021bii spre zona central\u0103 economic\u0103 \u0219i comercial\u0103 a Polului de Cre\u0219tere Ia\u0219i\u201d, finan\u0163at prin Programul Opera\u0163ional Regional (POR) 2007-2013, Axa prioritar\u0103 1 \u2013 Sprijinirea dezvolt\u0103rii durabile a ora\u015felor \u2013 poli urbani de cre\u015ftere, Domeniul major de interven\u0163ie 1.1 \u2013 Planuri integrate de dezvoltare urban\u0103, Sub-domeniul: Poli de cre\u015ftere.\u00a0 Proiectul, a c\u0103rei valoare total\u0103 este de 9.135.924,97 lei, din care 7.186.288,50 lei fonduri europene nerambursabile, \u00ee\u015fi propune modernizarea \u015fi reabilitarea infrastructurii urbane din municipiul Ia\u015fi, prin cre\u015fterea accesibilit\u0103\u0163ii, \u00eembun\u0103t\u0103\u0163irea transportului public \u015fi asigurarea unor condi\u0163ii bune de trafic.<strong> <\/strong>Investi\u021bia, care are perioada de implementare de 12 luni de la semnarea contractului cu firma c\u00e2\u0219tig\u0103toare a licita\u021biei, respectiv SC Iasicon SA, prevede refacerea re\u0163elei stradale, \u00een lungime total\u0103 de 2.524 metri, refacerea \u015fi modernizarea tramei stradale, precum \u0219i modernizarea a trei parc\u0103ri, cu o suprafa\u021b\u0103 de 3.390 metri p\u0103tra\u021bi, cu 158 de locuri de parcare modernizate, la care se adaug\u0103 15 locuri pentru persoanele cu handicap. Este vorba despre str. Costache NEGRI (\u00eentre Liceul V. Alecsandri \u015fi str. Armean\u0103), str. B\u0102RBOI (\u00eentre str. Armean\u0103 \u015fi str. Elena DOAMNA), std.B\u0102RBOI (din str. B\u0103rboi), str. ARMEAN\u0102 (\u00eentre str. C. NEGRI \u015fi str.CUZA VOD\u0102), str. Sf. SAVA (\u00eentre str. ARMEAN\u0102 \u015fi str. Agatha B\u00c2RSESCU), str. Agatha B\u00c2RSESCU (str. C. NEGRI \u015fi str. I.C. BR\u0102TIANU), str. DANCU (\u00eentre str. Sf. SAVA\u00a0 \u015fi str. CUZA VOD\u0102), str. VOVIDENIE (\u00eentre str. Vasile STROESCU \u015fi str. George ENESCU), str. Vasile STROESCU (\u00eentre str.CUZAVOD\u0102 \u015fi Bd. INDEPENDEN\u0162EI), str. Maestrul IonBACIU \u2013 fost\u0103 str. B\u0102NCII (bretea lateral\u0103 str. Agatha B\u00c2RSESCU), str. Matei MILLO (\u00eentre str. DANCU \u015fi str. Agata B\u00c2RSESCU), parcarea de la Teatrul National (str. Agatha B\u00c2RSESCU \u2013 Teatrul National Vasile Alecsandri), parcarea de pe str. Agatha B\u00c2RSESCU (intersec\u0163ie str. DANCU \u015fi str. Sf. SAVA), parcarea aferent\u0103 str. Armean\u0103 \u2013 intersec\u0163ie cu str. B\u0103rboi, calea de acces \u00eentre str. GOLIA \u015fi rond Tg. CUCU. \u201dProiectul privind cre\u0219terea accesibilit\u0103\u021bii spre zona central\u0103 economic\u0103 \u0219i comercial\u0103 a Polului de Cre\u0219tere Ia\u0219i vine \u00een completarea proiectelor demarate deja \u00een municipiu care privesc reabilitarea \u0219i modernizarea infrastructurii spre zona cultura a municipiului. \u00cen aceast\u0103 s\u0103pt\u0103m\u00e2n\u0103, constructorul a trecut la organizarea de \u0219antier (\u00een spatele BRD, de pe str. Anastasie Panu), urm\u00e2nd ca \u00een cel mai scurt timp, \u021bin\u00e2nd seama \u0219i de condi\u021biile meteo, s\u0103 demareze primele lucr\u0103ri. Aici, constructorul va trebui s\u0103-\u0219i programeze lucr\u0103rile cu cei de la ApaVital, astfel \u00eenc\u00e2t s\u0103 nu existe disfunc\u021bionalit\u0103\u021bi \u00een derularea investi\u021biei. \u00cempreun\u0103 cu membrii comisiei municipale de circula\u021bie \u0219i cu reprezentan\u021bii constructorului vom analiza care sunt solu\u021biile cele mai bune astfel \u00eenc\u00e2t, pe timpul execut\u0103rii lucr\u0103rilor din proeict, circula\u021bia auto \u00een zona respectiv\u0103 s\u0103 nu aib\u0103 de suferit\u201d, a declarat primarul Gheorghe Nichita.<\/p>\n","protected":false},"excerpt":{"rendered":"<p>\u00cen prezen\u021ba primarului Gheorghe Nichita, la Ia\u0219i a avut loc vineri, 7 decembrie,\u00a0 conferin\u021ba de&#8230; <a class=\"meta-more\" href=\"https:\/\/infois.ro\/?p=3186\">more <span class=\"meta-nav\">&raquo;<\/span><\/a><\/p>\n","protected":false},"author":2,"featured_media":3187,"comment_status":"open","ping_status":"open","sticky":false,"template":"","format":"standard","meta":{"footnotes":""},"categories":[1,41],"tags":[74,1373,781,296],"aioseo_notices":[],"_links":{"self":[{"href":"https:\/\/infois.ro\/index.php?rest_route=\/wp\/v2\/posts\/3186"}],"collection":[{"href":"https:\/\/infois.ro\/index.php?rest_route=\/wp\/v2\/posts"}],"about":[{"href":"https:\/\/infois.ro\/index.php?rest_route=\/wp\/v2\/types\/post"}],"author":[{"embeddable":true,"href":"https:\/\/infois.ro\/index.php?rest_route=\/wp\/v2\/users\/2"}],"replies":[{"embeddable":true,"href":"https:\/\/infois.ro\/index.php?rest_route=%2Fwp%2Fv2%2Fcomments&post=3186"}],"version-history":[{"count":1,"href":"https:\/\/infois.ro\/index.php?rest_route=\/wp\/v2\/posts\/3186\/revisions"}],"predecessor-version":[{"id":3188,"href":"https:\/\/infois.ro\/index.php?rest_route=\/wp\/v2\/posts\/3186\/revisions\/3188"}],"wp:featuredmedia":[{"embeddable":true,"href":"https:\/\/infois.ro\/index.php?rest_route=\/wp\/v2\/media\/3187"}],"wp:attachment":[{"href":"https:\/\/infois.ro\/index.php?rest_route=%2Fwp%2Fv2%2Fmedia&parent=3186"}],"wp:term":[{"taxonomy":"category","embeddable":true,"href":"https:\/\/infois.ro\/index.php?rest_route=%2Fwp%2Fv2%2Fcategories&post=3186"},{"taxonomy":"post_tag","embeddable":true,"href":"https:\/\/infois.ro\/index.php?rest_route=%2Fwp%2Fv2%2Ftags&post=3186"}],"curies":[{"name":"wp","href":"https:\/\/api.w.org\/{rel}","templated":true}]}}