{"id":32289,"date":"2017-12-18T20:37:17","date_gmt":"2017-12-18T18:37:17","guid":{"rendered":"http:\/\/infois.ro\/?p=32289"},"modified":"2017-12-18T20:37:17","modified_gmt":"2017-12-18T18:37:17","slug":"angajatii-antibiotice-au-fost-spiridusii-lui-mos-craciun-pentru-80-de-copii-nevoiasi","status":"publish","type":"post","link":"https:\/\/infois.ro\/?p=32289","title":{"rendered":"Angaja\u0163ii Antibiotice au fost spiridu\u0219ii lui Mo\u015f Cr\u0103ciun pentru 80 de copii nevoia\u015fi"},"content":{"rendered":"<p><a href=\"http:\/\/infois.ro\/wp-content\/uploads\/2017\/12\/Antibiotice1.jpg\"><img loading=\"lazy\" decoding=\"async\" class=\"alignleft  wp-image-32290\" src=\"http:\/\/infois.ro\/wp-content\/uploads\/2017\/12\/Antibiotice1.jpg\" alt=\"\" width=\"353\" height=\"222\" srcset=\"https:\/\/infois.ro\/wp-content\/uploads\/2017\/12\/Antibiotice1.jpg 640w, https:\/\/infois.ro\/wp-content\/uploads\/2017\/12\/Antibiotice1-300x189.jpg 300w\" sizes=\"(max-width: 353px) 100vw, 353px\" \/><\/a><\/p>\n<p style=\"text-align: justify;\">Pentru al cincilea an consecutiv Funda\u0163ia Antibiotice \u201e\u015etiin\u0163\u0103 \u015fi suflet\u201d a organizat campania \u201eD\u0103ruie\u0219te din suflet! Fii \u0219i tu Mo\u0219 Cr\u0103ciun!\u201d \u00een parteneriat cu Departamentul Pro Vita din cadrul Sectorului de Misiune al Arhiepiscopiei Ia\u0219ilor.<\/p>\n<p style=\"text-align: justify;\">Campania a fost adresat\u0103 copiilor din familii foarte numeroase cu 7, 8 sau 9 fra\u021bi din localit\u0103\u021bile rurale ale jude\u021bul Ia\u0219i: Cuza Vod\u0103, Vl\u0103deni, Traian, Dobrov\u0103\u021b, Mogo\u0219e\u0219ti Galata, Bivolari, \u0218erbe\u0219ti, Feredeni \u2013 Deleni.<\/p>\n<p style=\"text-align: justify;\">Cei 80 de copii cu v\u00e2rste \u00eentre 1 \u015fi 14 ani au a\u015fezat pe h\u00e2rtie tot ce-\u015fi doresc s\u0103 primeasc\u0103 de la Mo\u015ful. Emo\u021bionantele lor scrisorele au ajuns apoi \u00een m\u00e2inile mai multor angaja\u0163i ai companiei Antibiotice care \u015fi-au asumat cu entuziasm rolul de \u201espiridu\u015fi\u201d ai Mo\u015fului, \u00eendeplinind copiilor \u00eentocmai dorin\u0163ele.<a href=\"http:\/\/infois.ro\/wp-content\/uploads\/2017\/12\/Antibiotice2.jpg\"><img loading=\"lazy\" decoding=\"async\" class=\" wp-image-32291 alignright\" src=\"http:\/\/infois.ro\/wp-content\/uploads\/2017\/12\/Antibiotice2.jpg\" alt=\"\" width=\"288\" height=\"192\" srcset=\"https:\/\/infois.ro\/wp-content\/uploads\/2017\/12\/Antibiotice2.jpg 640w, https:\/\/infois.ro\/wp-content\/uploads\/2017\/12\/Antibiotice2-300x200.jpg 300w\" sizes=\"(max-width: 288px) 100vw, 288px\" \/><\/a><\/p>\n<p style=\"text-align: justify;\">Provenind din medii defavorizate copiii \u015fi-au dorit lucruri simple: penare, ghiozdane, haine, ghetu\u021be, c\u0103r\u0163i cu pove\u015fti, p\u0103pu\u015fele sau ma\u015finu\u0163e, fructe \u015fi dulciuri, \u00eens\u0103 Mo\u015ful \u0219i spiridu\u0219ii lui s-a str\u0103duit s\u0103 le ofere mai mult dec\u00e2t at\u00e2t.<\/p>\n<p style=\"text-align: justify;\"><em>\u201cCa de obicei aceast\u0103 campanie care ne-a f\u0103cut s\u0103 ne re\u00eentoarcem cu mintea \u015fi sufletul, \u00een timp, la vremea copil\u0103riei. Marea familie Antibiotice a reu\u015fit astfel s\u0103 aduc\u0103 un dram de bucurie unor copii la care Mo\u015ful poate nu a venit niciodat\u0103 p\u00e2n\u0103 acum sau nu l-au vazut din cauza faptului ca nu au lumin\u0103 electric\u0103 \u00een locuin\u021b\u0103<\/em>. <em>Mul\u0163umim pe aceast\u0103 cale \u0219i colaboratorilor din cadrul Departamentului Pro Vita<\/em>\u201d, a declarat Ioana Tode, pre\u015fedinte Funda\u0163ia \u201eAntibiotice-\u015etiin\u0163\u0103 \u015fi Suflet\u201d.<\/p>\n<p style=\"text-align: justify;\"><a href=\"http:\/\/infois.ro\/wp-content\/uploads\/2017\/12\/Antibiotice3.jpg\"><img loading=\"lazy\" decoding=\"async\" class=\"alignleft  wp-image-32292\" src=\"http:\/\/infois.ro\/wp-content\/uploads\/2017\/12\/Antibiotice3.jpg\" alt=\"\" width=\"246\" height=\"377\" srcset=\"https:\/\/infois.ro\/wp-content\/uploads\/2017\/12\/Antibiotice3.jpg 640w, https:\/\/infois.ro\/wp-content\/uploads\/2017\/12\/Antibiotice3-196x300.jpg 196w\" sizes=\"(max-width: 246px) 100vw, 246px\" \/><\/a>\u00cen cadrul festivit\u0103\u0163ii ce s-a desf\u0103\u015furat la bradul de la Antibiotice \u00een ziua de 18 decembrie 2017 copiii s-au bucurat s\u0103 \u00eel \u00eent\u00e2lneasc\u0103, mul\u021bi dintre ei pentru prima dat\u0103, pe Mo\u0219 Cr\u0103ciun \u0219i pe unii dintre spiridu\u015fii care le-au \u00eendeplinit dorin\u0163ele. \u00cen semn de mul\u021bumire, micu\u021bii au \u00eemp\u0103r\u021bit din bel\u0219ug z\u00e2mbete luminoase \u0219i au interpretat scurte momente artistice cu colinde de Cr\u0103ciun.<\/p>\n","protected":false},"excerpt":{"rendered":"<p>Pentru al cincilea an consecutiv Funda\u0163ia Antibiotice \u201e\u015etiin\u0163\u0103 \u015fi suflet\u201d a organizat campania \u201eD\u0103ruie\u0219te din&#8230; <a class=\"meta-more\" href=\"https:\/\/infois.ro\/?p=32289\">more <span class=\"meta-nav\">&raquo;<\/span><\/a><\/p>\n","protected":false},"author":2,"featured_media":32290,"comment_status":"closed","ping_status":"closed","sticky":false,"template":"","format":"standard","meta":{"footnotes":""},"categories":[6,41],"tags":[74,279,3515,40,1326,3671],"aioseo_notices":[],"_links":{"self":[{"href":"https:\/\/infois.ro\/index.php?rest_route=\/wp\/v2\/posts\/32289"}],"collection":[{"href":"https:\/\/infois.ro\/index.php?rest_route=\/wp\/v2\/posts"}],"about":[{"href":"https:\/\/infois.ro\/index.php?rest_route=\/wp\/v2\/types\/post"}],"author":[{"embeddable":true,"href":"https:\/\/infois.ro\/index.php?rest_route=\/wp\/v2\/users\/2"}],"replies":[{"embeddable":true,"href":"https:\/\/infois.ro\/index.php?rest_route=%2Fwp%2Fv2%2Fcomments&post=32289"}],"version-history":[{"count":1,"href":"https:\/\/infois.ro\/index.php?rest_route=\/wp\/v2\/posts\/32289\/revisions"}],"predecessor-version":[{"id":32293,"href":"https:\/\/infois.ro\/index.php?rest_route=\/wp\/v2\/posts\/32289\/revisions\/32293"}],"wp:featuredmedia":[{"embeddable":true,"href":"https:\/\/infois.ro\/index.php?rest_route=\/wp\/v2\/media\/32290"}],"wp:attachment":[{"href":"https:\/\/infois.ro\/index.php?rest_route=%2Fwp%2Fv2%2Fmedia&parent=32289"}],"wp:term":[{"taxonomy":"category","embeddable":true,"href":"https:\/\/infois.ro\/index.php?rest_route=%2Fwp%2Fv2%2Fcategories&post=32289"},{"taxonomy":"post_tag","embeddable":true,"href":"https:\/\/infois.ro\/index.php?rest_route=%2Fwp%2Fv2%2Ftags&post=32289"}],"curies":[{"name":"wp","href":"https:\/\/api.w.org\/{rel}","templated":true}]}}