{"id":32294,"date":"2017-12-18T20:41:46","date_gmt":"2017-12-18T18:41:46","guid":{"rendered":"http:\/\/infois.ro\/?p=32294"},"modified":"2017-12-18T20:41:46","modified_gmt":"2017-12-18T18:41:46","slug":"ansamblul-palas-l-a-trimis-pe-mos-craciun-sa-duca-daruri-copiilor-si-batranilor","status":"publish","type":"post","link":"https:\/\/infois.ro\/?p=32294","title":{"rendered":"Ansamblul Palas l-a trimis pe Mo\u0219 Cr\u0103ciun s\u0103 duc\u0103 daruri copiilor \u0219i b\u0103tr\u00e2nilor"},"content":{"rendered":"<p><a href=\"http:\/\/infois.ro\/wp-content\/uploads\/2017\/12\/palas2-2.jpg\"><img loading=\"lazy\" decoding=\"async\" class=\"alignleft  wp-image-32295\" src=\"http:\/\/infois.ro\/wp-content\/uploads\/2017\/12\/palas2-2.jpg\" alt=\"\" width=\"248\" height=\"441\" srcset=\"https:\/\/infois.ro\/wp-content\/uploads\/2017\/12\/palas2-2.jpg 640w, https:\/\/infois.ro\/wp-content\/uploads\/2017\/12\/palas2-2-169x300.jpg 169w, https:\/\/infois.ro\/wp-content\/uploads\/2017\/12\/palas2-2-576x1024.jpg 576w\" sizes=\"(max-width: 248px) 100vw, 248px\" \/><\/a><\/p>\n<p id=\"yui_3_16_0_ym19_1_1513620467480_129109\" class=\"yiv4501196341MsoNormal\" style=\"text-align: justify;\"><span id=\"yui_3_16_0_ym19_1_1513620467480_129108\">Ca \u00een fiecare an, \u00een apropierea s\u0103rb\u0103torilor de iarn\u0103, ansamblul Palas aduce z\u00e2mbete celor mai pu\u021bin noroco\u0219i. La finalul s\u0103pt\u0103m\u00e2nii trecute, copiii din cadrul<\/span><span id=\"yui_3_16_0_ym19_1_1513620467480_129112\">Centrului de Primire a Copilului \u00een Regim de Urgen\u0163\u0103 Ia\u015fi \u0219i b\u0103tr\u00e2nii de la C\u0103minul \u201eSfin\u0163ii Constantin \u015fi Elena\u201d l-au primit \u00een vizit\u0103 pe Mo\u015f Cr\u0103ciun, care le-a adus daruri.<\/span><\/p>\n<p id=\"yui_3_16_0_ym19_1_1513620467480_129114\" class=\"yiv4501196341MsoNormal\" style=\"text-align: justify;\"><span id=\"yui_3_16_0_ym19_1_1513620467480_129123\">V\u00e2rstnicii l-au \u00eent\u00e2mpinat pe Mo\u0219u` cu voie bun\u0103 \u0219i chiar i-au c\u00e2ntat \u201eMo\u0219 Cr\u0103ciun cu plete dalbe\u201d. \u0218i prichindeii din Centrul de Primire a Copilului \u00een Regim de Urgen\u0163\u0103 Ia\u015fi au preg\u0103tit un program de colinde pentru simpaticul b\u0103tr\u00e2nel, pe care l-au a\u0219teptat cu ner\u0103bdare. La final, Mo\u015f Cr\u0103ciun le-a d\u0103ruit din partea ansamblului Palas pachete cu bun\u0103t\u0103\u0163i \u015fi le-a f\u0103cut promisiunea c\u0103 va reveni la anul.<\/span><\/p>\n<p id=\"yui_3_16_0_ym19_1_1513620467480_129121\" class=\"yiv4501196341MsoNormal\" style=\"text-align: justify;\"><span id=\"yui_3_16_0_ym19_1_1513620467480_129120\">Cadouri din partea Mo\u0219ului au ajuns \u0219i la elevii \u0218colii Gimnaziale \u201eMihai Codreanu\u201d Ia\u0219i.<a href=\"http:\/\/infois.ro\/wp-content\/uploads\/2017\/12\/palas1-2.jpg\"><img loading=\"lazy\" decoding=\"async\" class=\"wp-image-32296 alignright\" src=\"http:\/\/infois.ro\/wp-content\/uploads\/2017\/12\/palas1-2.jpg\" alt=\"\" width=\"384\" height=\"216\" srcset=\"https:\/\/infois.ro\/wp-content\/uploads\/2017\/12\/palas1-2.jpg 640w, https:\/\/infois.ro\/wp-content\/uploads\/2017\/12\/palas1-2-300x169.jpg 300w, https:\/\/infois.ro\/wp-content\/uploads\/2017\/12\/palas1-2-140x80.jpg 140w\" sizes=\"(max-width: 384px) 100vw, 384px\" \/><\/a><\/span><\/p>\n<p id=\"yui_3_16_0_ym19_1_1513620467480_129118\" class=\"yiv4501196341MsoNormal\" style=\"text-align: justify;\"><span id=\"yui_3_16_0_ym19_1_1513620467480_129117\">\u00cen total, ansamblul Palas a oferit peste 300 de pachete, din dorin\u021ba de a aduce un plus de bucurie \u00een prag s\u0103rb\u0103tori pentru copii \u0219i b\u0103tr\u00e2ni.<\/span><\/p>\n","protected":false},"excerpt":{"rendered":"<p>Ca \u00een fiecare an, \u00een apropierea s\u0103rb\u0103torilor de iarn\u0103, ansamblul Palas aduce z\u00e2mbete celor mai&#8230; <a class=\"meta-more\" href=\"https:\/\/infois.ro\/?p=32294\">more <span class=\"meta-nav\">&raquo;<\/span><\/a><\/p>\n","protected":false},"author":2,"featured_media":32295,"comment_status":"closed","ping_status":"closed","sticky":false,"template":"","format":"standard","meta":{"footnotes":""},"categories":[6,41],"tags":[74,3848,40,1326,100,1397],"aioseo_notices":[],"_links":{"self":[{"href":"https:\/\/infois.ro\/index.php?rest_route=\/wp\/v2\/posts\/32294"}],"collection":[{"href":"https:\/\/infois.ro\/index.php?rest_route=\/wp\/v2\/posts"}],"about":[{"href":"https:\/\/infois.ro\/index.php?rest_route=\/wp\/v2\/types\/post"}],"author":[{"embeddable":true,"href":"https:\/\/infois.ro\/index.php?rest_route=\/wp\/v2\/users\/2"}],"replies":[{"embeddable":true,"href":"https:\/\/infois.ro\/index.php?rest_route=%2Fwp%2Fv2%2Fcomments&post=32294"}],"version-history":[{"count":1,"href":"https:\/\/infois.ro\/index.php?rest_route=\/wp\/v2\/posts\/32294\/revisions"}],"predecessor-version":[{"id":32297,"href":"https:\/\/infois.ro\/index.php?rest_route=\/wp\/v2\/posts\/32294\/revisions\/32297"}],"wp:featuredmedia":[{"embeddable":true,"href":"https:\/\/infois.ro\/index.php?rest_route=\/wp\/v2\/media\/32295"}],"wp:attachment":[{"href":"https:\/\/infois.ro\/index.php?rest_route=%2Fwp%2Fv2%2Fmedia&parent=32294"}],"wp:term":[{"taxonomy":"category","embeddable":true,"href":"https:\/\/infois.ro\/index.php?rest_route=%2Fwp%2Fv2%2Fcategories&post=32294"},{"taxonomy":"post_tag","embeddable":true,"href":"https:\/\/infois.ro\/index.php?rest_route=%2Fwp%2Fv2%2Ftags&post=32294"}],"curies":[{"name":"wp","href":"https:\/\/api.w.org\/{rel}","templated":true}]}}