{"id":3233,"date":"2012-12-11T21:19:18","date_gmt":"2012-12-11T19:19:18","guid":{"rendered":"http:\/\/infois.ro\/?p=3233"},"modified":"2012-12-11T21:19:18","modified_gmt":"2012-12-11T19:19:18","slug":"in-perioada-13-16-decembrie-la-iasi-va-avea-loc-prima-editie-a-targului-sarbatorilor-de-iarna","status":"publish","type":"post","link":"https:\/\/infois.ro\/?p=3233","title":{"rendered":"\u00cen perioada 13-16 decembrie, la Ia\u0219i va avea loc prima edi\u021bie a \u201dT\u00e2rgului s\u0103rb\u0103torilor de iarn\u0103\u201d"},"content":{"rendered":"<p style=\"text-align: justify;\"><a class=\"highslide\" onclick=\"return vz.expand(this)\" href=\"http:\/\/infois.ro\/wp-content\/uploads\/2012\/12\/targul-sarbatorilor-de-iarna.jpg\"><img loading=\"lazy\" decoding=\"async\" class=\"alignleft size-large wp-image-3234\" title=\"targul sarbatorilor de iarna\" src=\"http:\/\/infois.ro\/wp-content\/uploads\/cache\/2012\/12\/targul-sarbatorilor-de-iarna\/1307228595.jpg\" alt=\"\" width=\"620\" height=\"349\" \/><\/a><\/p>\n<p style=\"text-align: justify;\">\u00cen perioada 13-16 decembrie, pe Bulevardul \u0218tefan cel Mare \u0219i Sf\u00e2nt din Ia\u0219i\u00a0 va avea loc prima edi\u021bie \u201dT\u00e2rgului S\u0103rb\u0103torilor de Iarn\u0103\u201d, manifestare organizat\u0103 de Consiliul Jude\u021bean (CJ) Ia\u0219i, \u00eempreun\u0103 cu Prim\u0103ria municipiului Ia\u0219i. Potrivit organizatorilor, t\u00e2rgul va reuni peste 40 de produc\u0103tori din jude\u0163 \u015fi din alte zone ale \u0163\u0103rii. Printre produsele care vor putea fi achizi\u0163ionate se num\u0103r\u0103 tot felul de bun\u0103t\u0103\u0163i specifice s\u0103rb\u0103torilor de iarn\u0103: preparate din carne, pastram\u0103, c\u00e2rna\u0163i tradi\u0163ionali moldovene\u015fti, br\u00e2nzeturi de oaie \u015fi capr\u0103, ca\u015fcaval, mur\u0103turi, zacusc\u0103 de legume, tocan\u0103 de iarn\u0103, turte, cozonaci, pr\u0103jituri cu miere \u015fi scor\u0163isoar\u0103, fructe uscate sau alte alimente tradi\u0163ionale rom\u00e2ne\u015fti. Nu vor lipsi sucurile naturale de fructe, \u0163uica, vinul fiert cu arom\u0103 de cui\u015foare \u015fi portocal\u0103 \u015fi atmosfera s\u0103rb\u0103torilor pe care o vor \u00eentre\u0163ine grupuri de colind\u0103tori \u015fi ur\u0103tori participan\u0163i la Festivalul folcloric \u201eDatini \u015fi obiceiuri de iarn\u0103\u201d. Vizitatorii vor putea alege dintre miile de produse expuse \u00een t\u00e2rg \u015fi globuri, accesorii sau obiecte decorative pentru bradul de Cr\u0103ciun. Prin acest t\u00e2rg vor fi promovate produsele tradi\u0163ionale locale \u015fi, implicit, vor fi sprijini\u0163i produc\u0103torii agricoli mici \u015fi mijlocii \u015fi asocia\u0163iile de profil. \u201eOrganizarea unui astfel de t\u00e2rg era absolut necesar\u0103. Ie\u015fenii trebuie s\u0103 \u015ftie c\u0103 la jum\u0103tatea lunii decembrie \u00ee\u0219i pot face cump\u0103r\u0103turi \u015fi aprovizion\u0103ri pentru s\u0103rb\u0103torile de iarn\u0103 \u015fi de aici. Ne dorim s\u0103 devin\u0103 o tradi\u0163ie \u015fi s\u0103 ajung\u0103 \u00een unul dintre cele mai frumoase din aceast\u0103 regiune a Europei. Ideea organiz\u0103rii unui astfel de t\u00e2rg a ap\u0103rut \u015fi \u00een urma \u00eent\u00e2lnirilor cu produc\u0103torii agricoli din jude\u0163 din ultimele s\u0103pt\u0103m\u00e2ni. Interesul consumatorilor pentru produsele tradi\u0163ionale este \u00een cre\u015ftere, iar poten\u0163ialul Jude\u0163ului Ia\u015fi este mare. Vor fi expozan\u0163i din toate domeniile, astfel \u00eenc\u00e2t oferta acestora s\u0103 fie de un real folos ie\u015fenilor care \u00ee\u015fi doresc o mas\u0103 \u00eembel\u015fugat\u0103 de s\u0103rb\u0103tori\u201d, a declarat pre\u0219edintele CJ Ia\u0219i, Cristian Adomni\u021bei.<\/p>\n","protected":false},"excerpt":{"rendered":"<p>\u00cen perioada 13-16 decembrie, pe Bulevardul \u0218tefan cel Mare \u0219i Sf\u00e2nt din Ia\u0219i\u00a0 va avea&#8230; <a class=\"meta-more\" href=\"https:\/\/infois.ro\/?p=3233\">more <span class=\"meta-nav\">&raquo;<\/span><\/a><\/p>\n","protected":false},"author":2,"featured_media":3234,"comment_status":"open","ping_status":"open","sticky":false,"template":"","format":"standard","meta":{"footnotes":""},"categories":[1,41],"tags":[74,40,296,1387],"aioseo_notices":[],"_links":{"self":[{"href":"https:\/\/infois.ro\/index.php?rest_route=\/wp\/v2\/posts\/3233"}],"collection":[{"href":"https:\/\/infois.ro\/index.php?rest_route=\/wp\/v2\/posts"}],"about":[{"href":"https:\/\/infois.ro\/index.php?rest_route=\/wp\/v2\/types\/post"}],"author":[{"embeddable":true,"href":"https:\/\/infois.ro\/index.php?rest_route=\/wp\/v2\/users\/2"}],"replies":[{"embeddable":true,"href":"https:\/\/infois.ro\/index.php?rest_route=%2Fwp%2Fv2%2Fcomments&post=3233"}],"version-history":[{"count":1,"href":"https:\/\/infois.ro\/index.php?rest_route=\/wp\/v2\/posts\/3233\/revisions"}],"predecessor-version":[{"id":3235,"href":"https:\/\/infois.ro\/index.php?rest_route=\/wp\/v2\/posts\/3233\/revisions\/3235"}],"wp:featuredmedia":[{"embeddable":true,"href":"https:\/\/infois.ro\/index.php?rest_route=\/wp\/v2\/media\/3234"}],"wp:attachment":[{"href":"https:\/\/infois.ro\/index.php?rest_route=%2Fwp%2Fv2%2Fmedia&parent=3233"}],"wp:term":[{"taxonomy":"category","embeddable":true,"href":"https:\/\/infois.ro\/index.php?rest_route=%2Fwp%2Fv2%2Fcategories&post=3233"},{"taxonomy":"post_tag","embeddable":true,"href":"https:\/\/infois.ro\/index.php?rest_route=%2Fwp%2Fv2%2Ftags&post=3233"}],"curies":[{"name":"wp","href":"https:\/\/api.w.org\/{rel}","templated":true}]}}