{"id":3258,"date":"2012-12-13T14:35:32","date_gmt":"2012-12-13T12:35:32","guid":{"rendered":"http:\/\/infois.ro\/?p=3258"},"modified":"2012-12-13T14:35:32","modified_gmt":"2012-12-13T12:35:32","slug":"mos-craciun-va-imparti-daruri-copiilor-din-cartierele-iasului","status":"publish","type":"post","link":"https:\/\/infois.ro\/?p=3258","title":{"rendered":"Mo\u0219 Cr\u0103ciun va \u00eemp\u0103r\u021bi daruri copiilor din cartierele Ia\u0219ului"},"content":{"rendered":"<p style=\"text-align: justify;\"><a class=\"highslide\" onclick=\"return vz.expand(this)\" href=\"http:\/\/infois.ro\/wp-content\/uploads\/2012\/12\/mosul-din-cartiere.jpg\"><img loading=\"lazy\" decoding=\"async\" class=\"alignleft size-large wp-image-3259\" title=\"mosul din cartiere\" src=\"http:\/\/infois.ro\/wp-content\/uploads\/cache\/2012\/12\/mosul-din-cartiere\/2107810935.jpg\" alt=\"\" width=\"900\" height=\"600\" \/><\/a><\/p>\n<p style=\"text-align: justify;\">S\u00e2mb\u0103t\u0103, 15 decembrie, \u015fi duminic\u0103, 16 decembrie, Mo\u015f Cr\u0103ciun popose\u015fte \u00een cartierele Ia\u015fului. Prim\u0103ria a preg\u0103tit copiilor din municipiu un program special, \u00een jurul brazilor \u00eembodobi\u0163i \u00een cartiere. Astfel, s\u00e2mb\u0103t\u0103, 15 decembrie, echipa lui Mo\u015f Cr\u0103ciun va vizita copiii din cartierele Alexandru cel Bun \u015fi P\u0103curari, iar duminic\u0103, 16 decembrie, Mo\u0219ul va poposi \u00een cartierele Nicolina \u015fi T\u0103t\u0103ra\u015fi. Potrivit reprezentan\u021bilor Prim\u0103riei, programul s\u0103rb\u0103torilor \u00een cartiere va \u00eencepe s\u00e2mb\u0103t\u0103, la ora 12.00, la bradul \u00eempodobit din Pia\u0163a Voievozilor. \u00cen P\u0103curari, pe Esplanada Mimoza, este programat\u0103 s\u0103rb\u0103toare tot s\u00e2mb\u0103t\u0103, dar de la ora 13.30. Duminic\u0103, \u00een Parcul Nicolina I, vizita lui Mo\u015f Cr\u0103ciun va \u00eencepe la ora 11.00, urm\u00e2nd ca \u00een T\u0103t\u0103ra\u015fi, pe Esplanda Oancea, Mo\u0219ul s\u0103 poposeasc\u0103 la ora 12.30. La fiecare serbare, Mo\u015f Cr\u0103ciun va fi \u00eenso\u021bit de un grup de copii care va interpreta colinde. Totodat\u0103, va fi organizat \u015fi un \u201dalai al obiceiurilor tradi\u0163ionale\u201d, format din ansambluri folclorice din jude\u0163ul Ia\u0219i. Mo\u015f Cr\u0103ciun \u015fi echipa sa vor \u00eemp\u0103r\u0163i dulciuri copiilor prezen\u0163i.<\/p>\n<p style=\"text-align: justify;\">\n","protected":false},"excerpt":{"rendered":"<p>S\u00e2mb\u0103t\u0103, 15 decembrie, \u015fi duminic\u0103, 16 decembrie, Mo\u015f Cr\u0103ciun popose\u015fte \u00een cartierele Ia\u015fului. Prim\u0103ria a&#8230; <a class=\"meta-more\" href=\"https:\/\/infois.ro\/?p=3258\">more <span class=\"meta-nav\">&raquo;<\/span><\/a><\/p>\n","protected":false},"author":2,"featured_media":3259,"comment_status":"open","ping_status":"open","sticky":false,"template":"","format":"standard","meta":{"footnotes":""},"categories":[1,41],"tags":[74,1326,296],"aioseo_notices":[],"_links":{"self":[{"href":"https:\/\/infois.ro\/index.php?rest_route=\/wp\/v2\/posts\/3258"}],"collection":[{"href":"https:\/\/infois.ro\/index.php?rest_route=\/wp\/v2\/posts"}],"about":[{"href":"https:\/\/infois.ro\/index.php?rest_route=\/wp\/v2\/types\/post"}],"author":[{"embeddable":true,"href":"https:\/\/infois.ro\/index.php?rest_route=\/wp\/v2\/users\/2"}],"replies":[{"embeddable":true,"href":"https:\/\/infois.ro\/index.php?rest_route=%2Fwp%2Fv2%2Fcomments&post=3258"}],"version-history":[{"count":1,"href":"https:\/\/infois.ro\/index.php?rest_route=\/wp\/v2\/posts\/3258\/revisions"}],"predecessor-version":[{"id":3260,"href":"https:\/\/infois.ro\/index.php?rest_route=\/wp\/v2\/posts\/3258\/revisions\/3260"}],"wp:featuredmedia":[{"embeddable":true,"href":"https:\/\/infois.ro\/index.php?rest_route=\/wp\/v2\/media\/3259"}],"wp:attachment":[{"href":"https:\/\/infois.ro\/index.php?rest_route=%2Fwp%2Fv2%2Fmedia&parent=3258"}],"wp:term":[{"taxonomy":"category","embeddable":true,"href":"https:\/\/infois.ro\/index.php?rest_route=%2Fwp%2Fv2%2Fcategories&post=3258"},{"taxonomy":"post_tag","embeddable":true,"href":"https:\/\/infois.ro\/index.php?rest_route=%2Fwp%2Fv2%2Ftags&post=3258"}],"curies":[{"name":"wp","href":"https:\/\/api.w.org\/{rel}","templated":true}]}}