{"id":3261,"date":"2012-12-13T14:39:12","date_gmt":"2012-12-13T12:39:12","guid":{"rendered":"http:\/\/infois.ro\/?p=3261"},"modified":"2012-12-13T14:39:12","modified_gmt":"2012-12-13T12:39:12","slug":"aeroportul-international-iasi-este-functional","status":"publish","type":"post","link":"https:\/\/infois.ro\/?p=3261","title":{"rendered":"Aeroportul Interna\u0163ional Ia\u015fi este func\u021bional"},"content":{"rendered":"<p style=\"text-align: justify;\"><a class=\"highslide\" onclick=\"return vz.expand(this)\" href=\"http:\/\/infois.ro\/wp-content\/uploads\/2012\/12\/aeroportul-iasi.jpg\"><img loading=\"lazy\" decoding=\"async\" class=\"alignleft size-large wp-image-3262\" title=\"aeroportul iasi\" src=\"http:\/\/infois.ro\/wp-content\/uploads\/cache\/2012\/12\/aeroportul-iasi\/1238354966.jpg\" alt=\"\" width=\"460\" height=\"258\" \/><\/a><\/p>\n<p style=\"text-align: justify;\">\u00cen ciuda ninsorilor abundente \u00eenregistrate \u00een ultimele zile, care au blocat c\u0103ile de comunica\u0163ie jude\u0163ene sau na\u0163ionale, Aeroportul Interna\u021bional Ia\u015fi a fost opera\u021bional, condi\u021biile de aterizare \u015fi decolare, la sol, ale aeronavelor fiind men\u0163inute \u00een parametri normali, iar pista fiind cur\u0103\u0163at\u0103 \u00een permanen\u0163\u0103. \u201dCompaniile aeriene au operat curse cu destina\u0163ia Ia\u015fi, at\u00e2t cu aeronave de tonaj mic, c\u00e2t \u015fi cu aeronave de tonaj ridicat \u2013 a\u015fa cum a fost cazul zborului RO709, operat cu Airbus 318, care a aterizat cu \u00eent\u00e2rziere, \u00eens\u0103 \u00een siguran\u0163\u0103, la Ia\u015fi\u201d, a declarat Marius Bodea, directorul general al Aeroportului Interna\u021bional Ia\u0219i, care a subliniat c\u0103 parametrii de v\u00e2nt puternic &#8211; care constituie de fapt principalul impediment al zborurilor &#8211; se \u00eent\u00e2lnesc at\u00e2t \u00een sezonul rece c\u00e2t \u015fi \u00een sezonul cald iar decizia de a opera sau de a nu opera aceste zboruri apar\u0163ine companiilor aeriene.<\/p>\n","protected":false},"excerpt":{"rendered":"<p>\u00cen ciuda ninsorilor abundente \u00eenregistrate \u00een ultimele zile, care au blocat c\u0103ile de comunica\u0163ie jude\u0163ene&#8230; <a class=\"meta-more\" href=\"https:\/\/infois.ro\/?p=3261\">more <span class=\"meta-nav\">&raquo;<\/span><\/a><\/p>\n","protected":false},"author":2,"featured_media":3262,"comment_status":"open","ping_status":"open","sticky":false,"template":"","format":"standard","meta":{"footnotes":""},"categories":[1,41],"tags":[74,1394,1395,40],"aioseo_notices":[],"_links":{"self":[{"href":"https:\/\/infois.ro\/index.php?rest_route=\/wp\/v2\/posts\/3261"}],"collection":[{"href":"https:\/\/infois.ro\/index.php?rest_route=\/wp\/v2\/posts"}],"about":[{"href":"https:\/\/infois.ro\/index.php?rest_route=\/wp\/v2\/types\/post"}],"author":[{"embeddable":true,"href":"https:\/\/infois.ro\/index.php?rest_route=\/wp\/v2\/users\/2"}],"replies":[{"embeddable":true,"href":"https:\/\/infois.ro\/index.php?rest_route=%2Fwp%2Fv2%2Fcomments&post=3261"}],"version-history":[{"count":1,"href":"https:\/\/infois.ro\/index.php?rest_route=\/wp\/v2\/posts\/3261\/revisions"}],"predecessor-version":[{"id":3263,"href":"https:\/\/infois.ro\/index.php?rest_route=\/wp\/v2\/posts\/3261\/revisions\/3263"}],"wp:featuredmedia":[{"embeddable":true,"href":"https:\/\/infois.ro\/index.php?rest_route=\/wp\/v2\/media\/3262"}],"wp:attachment":[{"href":"https:\/\/infois.ro\/index.php?rest_route=%2Fwp%2Fv2%2Fmedia&parent=3261"}],"wp:term":[{"taxonomy":"category","embeddable":true,"href":"https:\/\/infois.ro\/index.php?rest_route=%2Fwp%2Fv2%2Fcategories&post=3261"},{"taxonomy":"post_tag","embeddable":true,"href":"https:\/\/infois.ro\/index.php?rest_route=%2Fwp%2Fv2%2Ftags&post=3261"}],"curies":[{"name":"wp","href":"https:\/\/api.w.org\/{rel}","templated":true}]}}