{"id":3271,"date":"2012-12-14T18:45:01","date_gmt":"2012-12-14T16:45:01","guid":{"rendered":"http:\/\/infois.ro\/?p=3271"},"modified":"2012-12-14T18:45:29","modified_gmt":"2012-12-14T16:45:29","slug":"sarbatorile-de-iarna-ale-iasului","status":"publish","type":"post","link":"https:\/\/infois.ro\/?p=3271","title":{"rendered":"\u201dS\u0103rb\u0103torile de iarn\u0103 ale Ia\u0219ului\u201d"},"content":{"rendered":"<p style=\"text-align: justify;\"><strong>S\u00e2mb\u0103t\u0103, 15 decembrie 2012<\/strong><\/p>\n<p style=\"text-align: justify;\">&#8211; 10.00 \u2013 18.00, Bd. \u015etefan cel Mare<\/p>\n<p style=\"text-align: justify;\"><a class=\"highslide\" onclick=\"return vz.expand(this)\" href=\"http:\/\/infois.ro\/wp-content\/uploads\/2012\/12\/sarbatori-de-iarna.jpg\"><img loading=\"lazy\" decoding=\"async\" class=\"alignleft size-large wp-image-3272\" title=\"sarbatori de iarna\" src=\"http:\/\/infois.ro\/wp-content\/uploads\/cache\/2012\/12\/sarbatori-de-iarna\/77948586.jpg\" alt=\"\" width=\"640\" height=\"480\" \/><\/a><\/p>\n<p style=\"text-align: justify;\"><strong>T\u00e2rgul S\u0103rb\u0103torilor de Iarn\u0103<\/strong>\u00a0\u2013 vor fi comercializate produse tradi\u0163ionale rom\u00e2ne\u015fti<\/p>\n<p style=\"text-align: justify;\">Organizatori: Camera Agricol\u0103 Jude\u0163ean\u0103 Ia\u015fi \u015fi Prim\u0103ria Municipiului Ia\u015fi<\/p>\n<ul style=\"text-align: justify;\">\n<li>10.00 \u2013 10.45, Palatul Culturii \u2013 Pia\u0163a Unirii \u2013 Casa de Cultur\u0103 a Studen\u0163ilor<\/li>\n<\/ul>\n<p style=\"text-align: justify;\"><strong>Parada alaiurilor<\/strong>\u00a0participante la Festivalul folcloric \u201eDatini \u015fi obiceiuri de iarn\u0103\u201d<\/p>\n<p style=\"text-align: justify;\">Organizatori: Centrul pentru Conservarea \u015fi Promovarea Culturii Tradi\u0163ionale Ia\u015fi \u015fi Prim\u0103ria Municipiului Ia\u015fi<\/p>\n<ul style=\"text-align: justify;\">\n<li>11.00 \u2013 17.00, Casa de Cultur\u0103 a Studen\u0163ilor<\/li>\n<\/ul>\n<p style=\"text-align: justify;\"><strong>Festivalul folcloric \u201eDatini \u015fi obiceiuri de iarn\u0103\u201d<\/strong>\u00a0\u2013 particip\u0103 alaiuri reprezentative din \u0163ar\u0103 \u015fi din comunit\u0103\u0163ile rom\u00e2ne\u015fti din Rep. Moldova<\/p>\n<p style=\"text-align: justify;\">Organizatori: Centrul pentru Conservarea \u015fi Promovarea Culturii Tradi\u0163ionale Ia\u015fi \u015fi Prim\u0103ria Municipiului Ia\u015fi<\/p>\n<ul style=\"text-align: justify;\">\n<li>11.00, Muzeul \u201eSf\u00e2ntul Ierarh Dosoftei Mitropolitul\u201d<\/li>\n<\/ul>\n<p style=\"text-align: justify;\"><strong>\u201eZilele Mitropolit Dosoftei\u201d<\/strong>\u00a0\u2013 momente cultural \u2013 artistice dedicate primelor scrieri rom\u00e2ne\u015fti \u015fi tip\u0103rituri din zona Moldovei, edi\u0163ia a XXI-a, realizate \u00een parteneriat cu Facultatea de Teologie Ortodox\u0103 a Universit\u0103\u0163ii \u201eAl I. Cuza\u201d Ia\u015fi. Lansarea revistei \u201eDacia literar\u0103\u201d, nr. 11 \u2013 12\/2012;<\/p>\n<p style=\"text-align: justify;\">Organizator: Muzeul Literaturii Rom\u00e2ne Ia\u015fi<\/p>\n<ul style=\"text-align: justify;\">\n<li>12.00, Pia\u0163a Voievozilor<\/li>\n<\/ul>\n<p style=\"text-align: justify;\"><strong>Serbare \u00een cartierul Alexandru cel Bun<\/strong><strong>\u00a0<\/strong>&#8211; spectacol prezentat de forma\u0163ii de copii; Mo\u015f Cr\u0103ciun \u015fi echipa sa vor \u00eemp\u0103r\u0163i cadouri arti\u015ftilor \u015fi copiilor prezen\u0163i.<\/p>\n<p style=\"text-align: justify;\">Organizator: Prim\u0103ria Municipiului Ia\u015fi<\/p>\n<ul style=\"text-align: justify;\">\n<li>13.30, Esplanada Mimoza<\/li>\n<\/ul>\n<p style=\"text-align: justify;\"><strong>Serbare \u00een cartierul P\u0103curari<\/strong><strong>\u00a0<\/strong>&#8211; spectacol prezentat de forma\u0163ii de copii; Mo\u015f Cr\u0103ciun \u015fi echipa sa vor \u00eemp\u0103r\u0163i cadouri arti\u015ftilor \u015fi copiilor prezen\u0163i.<\/p>\n<p style=\"text-align: justify;\">Organizator: Prim\u0103ria Municipiului Ia\u015fi<\/p>\n<ul style=\"text-align: justify;\">\n<li>17.00, Casa de Cultur\u0103 a Municipiului Ia\u015fi<\/li>\n<\/ul>\n<p style=\"text-align: justify;\">Spectacolul: \u201c<strong>\u00cent\u00e2lnire cu Mo\u015f Cr\u0103ciun<\/strong>\u201d<\/p>\n<p style=\"text-align: justify;\">Particip\u0103 copii de la Gr\u0103dini\u0163a nr.2<\/p>\n<ul style=\"text-align: justify;\">\n<li>19.00, Sala Mare a Palatului Roznovanu<\/li>\n<\/ul>\n<p style=\"text-align: justify;\"><strong>Noaptea Alb\u0103 a Ia\u015fului \u2013 Seri de colinde<\/strong><\/p>\n<p style=\"text-align: justify;\">Organizator: Prim\u0103ria Municipiului Ia\u015fi \u015fi Street Events<\/p>\n<ul style=\"text-align: justify;\">\n<li>19.30, Uzina cu Teatru<\/li>\n<\/ul>\n<p style=\"text-align: justify;\"><strong>Hollywood Mirage<\/strong><strong>\u00a0<\/strong>de Ion Sapdaru.\u00a0<strong>PREMIER\u0102.<\/strong><strong>\u00a0<\/strong>Regia: Ion Sapdaru Scenografia: Rodica Arghir<\/p>\n<p style=\"text-align: justify;\">Organizator: Teatrul Na\u0163ional \u201eVasile Alecsandri\u201d Ia\u015fi<\/p>\n<p style=\"text-align: justify;\"><strong>\u00a0<\/strong><strong>Duminic\u0103, 16 decembrie 2012<\/strong><\/p>\n<p style=\"text-align: justify;\">10.00 \u2013 18.00, Bd. \u015etefan cel Mare<\/p>\n<p style=\"text-align: justify;\"><strong>T\u00e2rgul S\u0103rb\u0103torilor de Iarn\u0103<\/strong>\u00a0\u2013 vor fi comercializate produse tradi\u0163ionale rom\u00e2ne\u015fti<\/p>\n<p style=\"text-align: justify;\">Organizatori: Camera Agricol\u0103 Jude\u0163ean\u0103 Ia\u015fi \u015fi Prim\u0103ria Municipiului Ia\u015fi<\/p>\n<ul style=\"text-align: justify;\">\n<li>10.00, Casa de Cultur\u0103 a Municipiului Ia\u015fi<\/li>\n<\/ul>\n<p style=\"text-align: justify;\">Spectacolul:\u00a0<strong>\u201cFulgi de nea\u201d<\/strong><\/p>\n<p style=\"text-align: justify;\">Particip\u0103 copii de la Gr\u0103dini\u0163a nr.21<\/p>\n<ul style=\"text-align: justify;\">\n<li>11.00, Muzeul \u201eSf\u00e2ntul Ierarh Dosoftei Mitropolitul\u201d<\/li>\n<\/ul>\n<p style=\"text-align: justify;\"><strong>\u201eZilele Mitropolit Dosoftei\u201d<\/strong>\u00a0\u2013 momente cultural \u2013 artistice dedicate primelor scrieri rom\u00e2ne\u015fti \u015fi tip\u0103rituri din zona Moldovei, edi\u0163ia a XXI-a, realizate \u00een parteneriat cu Facultatea de Teologie Ortodox\u0103 a Universit\u0103\u0163ii \u201eAl I. Cuza\u201d Ia\u015fi. Lansarea revistei \u201eDacia literar\u0103\u201d, nr. 11 \u2013 12\/2012;<\/p>\n<p style=\"text-align: justify;\">Organizator: Muzeul Literaturii Rom\u00e2ne Ia\u015fi<\/p>\n<ul style=\"text-align: justify;\">\n<li>11.00, \u015eos. Nicolina \u2013 parc pasarel\u0103<\/li>\n<\/ul>\n<p style=\"text-align: justify;\"><strong>Serbare \u00een cartierul Nicolina<\/strong><strong>\u00a0<\/strong>&#8211; spectacol prezentat de forma\u0163ii de copii; Mo\u015f Cr\u0103ciun \u015fi echipa sa vor \u00eemp\u0103r\u0163i cadouri arti\u015ftilor \u015fi copiilor prezen\u0163i.<\/p>\n<p style=\"text-align: justify;\">Organizator: Prim\u0103ria Municipiului Ia\u015fi<\/p>\n<ul style=\"text-align: justify;\">\n<li>11.00, C\u0103minul de b\u0103tr\u00e2ni Sf.Iosif<\/li>\n<\/ul>\n<p style=\"text-align: justify;\"><strong>Spectacol de colinde<\/strong><strong>\u00a0<\/strong>sus\u0163inut de Grupul vocal \u201cSenior\u201d a Casei de Cultur\u0103 a Municipiului. Coordonator: Elisabeta Ciobanu<\/p>\n<p style=\"text-align: justify;\">Organizator: Casa de Cultura a Municipiului Ia\u015fi \u201eMihai Ursachi\u201d<\/p>\n<ul style=\"text-align: justify;\">\n<li>12.30, Esplanada Oancea<\/li>\n<\/ul>\n<p style=\"text-align: justify;\"><strong>Serbare \u00een cartierul T\u0103t\u0103ra\u015fi<\/strong><strong>\u00a0<\/strong>&#8211; spectacol prezentat de forma\u0163ii de copii; Mo\u015f Cr\u0103ciun \u015fi echipa sa vor \u00eemp\u0103r\u0163i cadouri arti\u015ftilor \u015fi copiilor prezen\u0163i.<\/p>\n<p style=\"text-align: justify;\">Organizator: Prim\u0103ria Municipiului Ia\u015fi<\/p>\n<ul style=\"text-align: justify;\">\n<li>16.00, Casa de Cultur\u0103 a Municipiului<\/li>\n<\/ul>\n<p style=\"text-align: justify;\">Spectacolul:\u00a0<strong>A\u015ftept\u00e2nd pe Mo\u015f Cr\u0103ciun<\/strong><\/p>\n<p style=\"text-align: justify;\">Particip\u0103 copii de la Gr\u0103dini\u0163a 2 PP<\/p>\n<ul style=\"text-align: justify;\">\n<li>17.00 \u2013 Centrul de Conferin\u0163e \u201eProviden\u0163a\u201d, Sala \u201e\u015etefan cel Mare\u201d<\/li>\n<\/ul>\n<p style=\"text-align: justify;\"><strong>Concertul de colinde<\/strong>\u00a0al Mitropoliei Moldovei \u015fi Bucovinei.<\/p>\n<p style=\"text-align: justify;\">Organizator: Mitropolia Moldovei \u015fi Bucovinei<\/p>\n<ul style=\"text-align: justify;\">\n<li>19.00, Sala Mare a Palatului Roznovanu<\/li>\n<\/ul>\n<p style=\"text-align: justify;\"><strong>Noaptea Alb\u0103 a Ia\u015fului \u2013 Seri de colinde<\/strong><\/p>\n<p style=\"text-align: justify;\">Organizator: Prim\u0103ria Municipiului Ia\u015fi \u015fi Street Events<\/p>\n<ul style=\"text-align: justify;\">\n<li>19.30, Uzina cu Teatru<\/li>\n<\/ul>\n<p style=\"text-align: justify;\"><strong>Hollywood Mirage<\/strong><strong>\u00a0<\/strong>de Ion Sapdaru. Regia: Ion Sapdaru Scenografia: Rodica Arghir<\/p>\n<p style=\"text-align: justify;\">Organizator: Teatrul Na\u0163ional \u201eVasile Alecsandri\u201d Ia\u015fi<\/p>\n<p style=\"text-align: justify;\">Parohia \u201cCuv.Parascheva\u201d \u2013 P\u0103curari<\/p>\n<p style=\"text-align: justify;\"><strong>Concert de colinde<\/strong>\u00a0organizat cu prilejul s\u0103rb\u0103toririi Cr\u0103ciunului. La sf\u00e2r\u015fitul programului, se vor \u00eemp\u0103r\u0163i daruri copiilor prezen\u0163i.<\/p>\n<p style=\"text-align: justify;\">Organizator: Parohia \u201cCuv.Parascheva\u201d<\/p>\n<p style=\"text-align: justify;\">Parohia \u201cIzvorul T\u0103m\u0103tuirii\u201d \u2013 CUG II<\/p>\n<p style=\"text-align: justify;\"><strong>Concert de colinde<\/strong>\u00a0sus\u0163inut de elevii de la \u015ecoala General\u0103 nr. 18 \u015fi Asocia\u0163ia Tinerilor Ortodoc\u015fi Rom\u00e2ni (ATOR) \u2013 Ia\u015fi<\/p>\n<p style=\"text-align: justify;\">Organizator: Parohia \u201cIzvorul T\u0103m\u0103tuirii\u201d<\/p>\n<p style=\"text-align: justify;\">\n","protected":false},"excerpt":{"rendered":"<p>S\u00e2mb\u0103t\u0103, 15 decembrie 2012 &#8211; 10.00 \u2013 18.00, Bd. \u015etefan cel Mare T\u00e2rgul S\u0103rb\u0103torilor de&#8230; <a class=\"meta-more\" href=\"https:\/\/infois.ro\/?p=3271\">more <span class=\"meta-nav\">&raquo;<\/span><\/a><\/p>\n","protected":false},"author":2,"featured_media":3272,"comment_status":"open","ping_status":"open","sticky":false,"template":"","format":"standard","meta":{"footnotes":""},"categories":[1,41],"tags":[74,40,296,1397,1041],"aioseo_notices":[],"_links":{"self":[{"href":"https:\/\/infois.ro\/index.php?rest_route=\/wp\/v2\/posts\/3271"}],"collection":[{"href":"https:\/\/infois.ro\/index.php?rest_route=\/wp\/v2\/posts"}],"about":[{"href":"https:\/\/infois.ro\/index.php?rest_route=\/wp\/v2\/types\/post"}],"author":[{"embeddable":true,"href":"https:\/\/infois.ro\/index.php?rest_route=\/wp\/v2\/users\/2"}],"replies":[{"embeddable":true,"href":"https:\/\/infois.ro\/index.php?rest_route=%2Fwp%2Fv2%2Fcomments&post=3271"}],"version-history":[{"count":2,"href":"https:\/\/infois.ro\/index.php?rest_route=\/wp\/v2\/posts\/3271\/revisions"}],"predecessor-version":[{"id":3274,"href":"https:\/\/infois.ro\/index.php?rest_route=\/wp\/v2\/posts\/3271\/revisions\/3274"}],"wp:featuredmedia":[{"embeddable":true,"href":"https:\/\/infois.ro\/index.php?rest_route=\/wp\/v2\/media\/3272"}],"wp:attachment":[{"href":"https:\/\/infois.ro\/index.php?rest_route=%2Fwp%2Fv2%2Fmedia&parent=3271"}],"wp:term":[{"taxonomy":"category","embeddable":true,"href":"https:\/\/infois.ro\/index.php?rest_route=%2Fwp%2Fv2%2Fcategories&post=3271"},{"taxonomy":"post_tag","embeddable":true,"href":"https:\/\/infois.ro\/index.php?rest_route=%2Fwp%2Fv2%2Ftags&post=3271"}],"curies":[{"name":"wp","href":"https:\/\/api.w.org\/{rel}","templated":true}]}}