{"id":32758,"date":"2018-01-31T20:28:56","date_gmt":"2018-01-31T18:28:56","guid":{"rendered":"http:\/\/infois.ro\/?p=32758"},"modified":"2018-01-31T20:28:56","modified_gmt":"2018-01-31T18:28:56","slug":"centenar-in-scoala-ieseana","status":"publish","type":"post","link":"https:\/\/infois.ro\/?p=32758","title":{"rendered":"Centenar \u00een \u0219coala ie\u0219ean\u0103"},"content":{"rendered":"<p><a href=\"http:\/\/infois.ro\/wp-content\/uploads\/2013\/09\/isj-iasi.jpg\"><img loading=\"lazy\" decoding=\"async\" class=\"alignleft  wp-image-7102\" src=\"http:\/\/infois.ro\/wp-content\/uploads\/2013\/09\/isj-iasi.jpg\" alt=\"\" width=\"364\" height=\"273\" srcset=\"https:\/\/infois.ro\/wp-content\/uploads\/2013\/09\/isj-iasi.jpg 640w, https:\/\/infois.ro\/wp-content\/uploads\/2013\/09\/isj-iasi-300x225.jpg 300w\" sizes=\"(max-width: 364px) 100vw, 364px\" \/><\/a><\/p>\n<p id=\"yui_3_16_0_ym19_1_1517423532200_12905\" class=\"yiv0171040062ydpcc941431MsoNormal\" style=\"text-align: justify;\"><span id=\"yui_3_16_0_ym19_1_1517423532200_14773\">Asum\u00e2ndu-\u0219i\u00a0<\/span><span id=\"yui_3_16_0_ym19_1_1517423532200_12938\" lang=\"PT-BR\">misiunea de a sus\u0163ine demersul educativ \u00een sensul cunoa\u0219terii \u0219i respect\u0103rii trecutului istoric, a impunerii valorilor autohtone \u0219<\/span>i na\u021bionale\u00a0<span id=\"yui_3_16_0_ym19_1_1517423532200_14772\" lang=\"PT-BR\">ca fundament \u00een formarea atitudinii civice a tinerei genera\u021bii,\u00a0<\/span><span id=\"yui_3_16_0_ym19_1_1517423532200_12937\" lang=\"EN-US\">Inspectoratul \u0218colar Jude\u021bean Ia\u0219i a lansat\u00a0<b id=\"yui_3_16_0_ym19_1_1517423532200_14771\"><i id=\"yui_3_16_0_ym19_1_1517423532200_14770\">Programul Centenar \u00een unit\u0103\u021bile de \u00eenv\u0103\u021b\u0103m\u00e2nt din jude\u021bul Ia\u0219i<\/i><\/b>, \u00een care sunt cuprinse proiectele, manifest\u0103rile \u0219i ac\u021biunile din anul \u0219colar 2017-2018<\/span><span id=\"yui_3_16_0_ym19_1_1517423532200_12936\">\u00a0dedicate Centenarului Marii Uniri: conferin\u021be, expozi\u021bii tematice, lans\u0103ri de carte, excursii de documentare, simpozioane, spectacole, dezbateri etc. Evenimentele organizate cu aceast\u0103 ocazie se adreseaz\u0103 elevilor, p\u0103rin\u021bilor \u0219i profesorilor, \u00een egal\u0103 m\u0103sur\u0103, reprezent\u00e2nd o invita\u021bie c\u0103tre coagularea for\u021belor actorilor educa\u021bionali, care s\u0103 conduc\u0103 la celebrarea unui eveniment unic ai c\u0103rui martori istorici suntem.\u00a0<i>Apreciem\u00a0<\/i><\/span><i id=\"yui_3_16_0_ym19_1_1517423532200_12935\"><span id=\"yui_3_16_0_ym19_1_1517423532200_12934\" lang=\"EN-US\">importan\u021ba acestui moment istoric, ale c\u0103rui dimensiuni educative sunt prioritare,\u00a0<\/span><\/i><i id=\"yui_3_16_0_ym19_1_1517423532200_14779\"><span id=\"yui_3_16_0_ym19_1_1517423532200_14778\">pentru c\u0103 Centenarul este un recurs la memorie \u0219i o cuvenit\u0103 reveren\u021b\u0103 fa\u021b\u0103 de jertfele de pe c\u00e2mpurile de lupt\u0103. Iar t\u00e2n\u0103ra genera\u021bie, societatea rom\u00e2neasc\u0103 \u00een ansamblu, trebuie s\u0103 dea dovad\u0103 de recuno\u0219tin\u021b\u0103 \u0219i s\u0103 cinsteasc\u0103 memoria eroilor de la 1918.<\/span><\/i><span id=\"yui_3_16_0_ym19_1_1517423532200_12904\">\u00a0afirm\u0103 Inspectorul \u0218colar General, prof. dr. Genoveva Aurelia Farca\u0219.<\/span><\/p>\n<p id=\"yui_3_16_0_ym19_1_1517423532200_12910\" class=\"yiv0171040062ydpcc941431MsoNormal\" style=\"text-align: justify;\"><span id=\"yui_3_16_0_ym19_1_1517423532200_12909\">Pentru cei care doresc s\u0103 afle detalii \u00een acest sens, Programul Centenar poate fi consultat prin accesarea paginii\u00a0<b id=\"yui_3_16_0_ym19_1_1517423532200_12911\">Centenar \u00een \u0219coala ie\u0219ean\u0103<\/b>, de pe site-ul Inspectoratului \u0218colar Jude\u021bean Ia\u0219i (<\/span><a href=\"http:\/\/www.isjiasi.ro\/\" target=\"_blank\" rel=\"nofollow noopener\" shape=\"rect\">www.isjiasi.ro<\/a><span id=\"yui_3_16_0_ym19_1_1517423532200_12912\">), respectiv al profesorilor de Istorie din Ia\u0219i (www.isui.ro).<\/span><\/p>\n","protected":false},"excerpt":{"rendered":"<p>Asum\u00e2ndu-\u0219i\u00a0misiunea de a sus\u0163ine demersul educativ \u00een sensul cunoa\u0219terii \u0219i respect\u0103rii trecutului istoric, a impunerii&#8230; <a class=\"meta-more\" href=\"https:\/\/infois.ro\/?p=32758\">more <span class=\"meta-nav\">&raquo;<\/span><\/a><\/p>\n","protected":false},"author":2,"featured_media":7102,"comment_status":"closed","ping_status":"closed","sticky":false,"template":"","format":"standard","meta":{"footnotes":""},"categories":[12,41],"tags":[74,8870,40,313,3269,3112],"aioseo_notices":[],"_links":{"self":[{"href":"https:\/\/infois.ro\/index.php?rest_route=\/wp\/v2\/posts\/32758"}],"collection":[{"href":"https:\/\/infois.ro\/index.php?rest_route=\/wp\/v2\/posts"}],"about":[{"href":"https:\/\/infois.ro\/index.php?rest_route=\/wp\/v2\/types\/post"}],"author":[{"embeddable":true,"href":"https:\/\/infois.ro\/index.php?rest_route=\/wp\/v2\/users\/2"}],"replies":[{"embeddable":true,"href":"https:\/\/infois.ro\/index.php?rest_route=%2Fwp%2Fv2%2Fcomments&post=32758"}],"version-history":[{"count":1,"href":"https:\/\/infois.ro\/index.php?rest_route=\/wp\/v2\/posts\/32758\/revisions"}],"predecessor-version":[{"id":32759,"href":"https:\/\/infois.ro\/index.php?rest_route=\/wp\/v2\/posts\/32758\/revisions\/32759"}],"wp:featuredmedia":[{"embeddable":true,"href":"https:\/\/infois.ro\/index.php?rest_route=\/wp\/v2\/media\/7102"}],"wp:attachment":[{"href":"https:\/\/infois.ro\/index.php?rest_route=%2Fwp%2Fv2%2Fmedia&parent=32758"}],"wp:term":[{"taxonomy":"category","embeddable":true,"href":"https:\/\/infois.ro\/index.php?rest_route=%2Fwp%2Fv2%2Fcategories&post=32758"},{"taxonomy":"post_tag","embeddable":true,"href":"https:\/\/infois.ro\/index.php?rest_route=%2Fwp%2Fv2%2Ftags&post=32758"}],"curies":[{"name":"wp","href":"https:\/\/api.w.org\/{rel}","templated":true}]}}