{"id":3291,"date":"2012-12-14T19:16:29","date_gmt":"2012-12-14T17:16:29","guid":{"rendered":"http:\/\/infois.ro\/?p=3291"},"modified":"2012-12-14T19:16:29","modified_gmt":"2012-12-14T17:16:29","slug":"autoritatile-iesene-vor-negocia-cu-guvernul-repartitia-liniilor-de-finantare-europeana-pentru-perioada-2014-2020","status":"publish","type":"post","link":"https:\/\/infois.ro\/?p=3291","title":{"rendered":"Autorit\u0103\u021bile ie\u0219ene vor negocia cu Guvernul reparti\u021bia liniilor de finan\u0163are european\u0103 pentru perioada 2014 &#8211; 2020"},"content":{"rendered":"<p style=\"text-align: justify;\"><a class=\"highslide\" onclick=\"return vz.expand(this)\" href=\"http:\/\/infois.ro\/wp-content\/uploads\/2012\/12\/linii-de-finantare.jpg\"><img loading=\"lazy\" decoding=\"async\" class=\"alignleft size-large wp-image-3292\" title=\"linii de finantare\" src=\"http:\/\/infois.ro\/wp-content\/uploads\/cache\/2012\/12\/linii-de-finantare\/3887474050.jpg\" alt=\"\" width=\"640\" height=\"628\" \/><\/a><\/p>\n<p style=\"text-align: justify;\">Pre\u015fedintele Consiliului Jude\u0163ean (CJ) Ia\u015fi, Cristian Adomni\u021bei, a anun\u0163at formarea unei echipe de negociere cu Guvernul Rom\u00e2niei, din partea Regiunii de Dezvoltare Nord-Est,\u00a0 \u00een vederea reparti\u0163iei fondurilor \u00een urm\u0103torul plan european de finan\u0163are, respectiv \u00een perioada 2014 &#8211; 2020. Decizia a fost luat\u0103 \u00een cadrul Consiliului pentru Dezvoltare Regional\u0103 Nord &#8211; Est, \u00eent\u00e2lnire care a avut loc \u00een aceast\u0103 s\u0103pt\u0103m\u00e2n\u0103 \u00een localitatea C\u0103t\u0103m\u0103r\u0103\u015fti Deal, din jude\u0163ul Boto\u015fani. \u201e\u00cen prezent, Rom\u00e2nia ar putea accesa fonduri de pe cinci linii de finan\u0163are, dar acestea nu au fost \u00eenc\u0103 stabilite. \u00cen condi\u0163iile din prezent, autorit\u0103\u0163ile publice nu mai pot accesa fonduri pentru reabilitarea drumurilor \u015fi a spitalelor sau pentru construc\u0163ia locuin\u0163elor sociale. Este un lucru foarte grav. De aceea, \u00eempreun\u0103 cu pre\u015fedin\u0163ii Consiliilor Jude\u0163ene din Boto\u015fani \u015fi Suceava, cu primarii municipiilor Ia\u015fi \u015fi Vaslui \u015fi cu primarul ora\u015fului S\u0103veni, voi discuta cu premierul, poate \u00eenainte de formarea noului Guvern, pentru a putea stabili aceste linii de finan\u0163are. Principalele proiecte pentru care Consiliul Jude\u0163ean Ia\u015fi inten\u0163iona s\u0103 ob\u0163in\u0103 fonduri europene erau cele de reabilitare a axelor rutiere Ia\u015fi \u2013 Movileni \u2013 Gropni\u0163a \u2013 Belce\u015fti \u2013 Sire\u0163el \u2013 Lespezi, pentru a face leg\u0103tura cu DJ208 Neam\u0163 \u2013 Ia\u015fi \u2013 Suceava, \u015fi Ia\u015fi \u2013 Tansa \u2013 Dag\u00e2\u0163a. Am fost nevoit s\u0103 men\u0163ionez alte dou\u0103 proiecte: al doilea parc agroindustrial al jude\u0163ului, cu o capacitate mult mai mare dec\u00e2t primul, \u015fi Interuniversitas. Voi face totul pentru ca Rom\u00e2nia s\u0103 nu negocieze prost \u00een ceea ce prive\u015fte acest plan multianual de finan\u0163are\u201d, a declarat Cristian Adomni\u021bei. \u015eedin\u0163a Consiliului pentru Dezvoltare Regional\u0103 a fost urmat\u0103 de \u00eent\u00e2lnirea structurii de conducere a Asocia\u0163iei de Dezvoltare Intercomunitar\u0103 EURONEST. Pe ordinea de zi au figurat dou\u0103 puncte, aprobarea proiectului de buget provizoriu \u015fi a planului anual al achizi\u0163iilor pentru 2013, aspecte de care depinde evolu\u0163ia, \u00een perioada ianuarie-martie 2013, a direc\u0163iilor de dezvoltare a Asocia\u0163iei pentru perioada de programare 2014 &#8211; 2020. \u00cen calitate de pre\u015fedinte al Asocia\u0163iei de Dezvoltare Intercomunitar\u0103 EURONEST, domnia sa a prezentat proiectele ini\u0163iate \u00een ultimele luni. Dintre acestea cele mai importante sunt \u00eenfiin\u0163area primei Grup\u0103ri Europene de Cooperare Teritorial\u0103 cu sediul \u00een Rom\u00e2nia (Ia\u015fi) \u015fi, al\u0103turi de universit\u0103\u0163ile ie\u015fene \u015fi firmele de IT, constituirea primului cluster regional inovativ de IT&amp;C.<\/p>\n<p style=\"text-align: justify;\">\n","protected":false},"excerpt":{"rendered":"<p>Pre\u015fedintele Consiliului Jude\u0163ean (CJ) Ia\u015fi, Cristian Adomni\u021bei, a anun\u0163at formarea unei echipe de negociere cu&#8230; <a class=\"meta-more\" href=\"https:\/\/infois.ro\/?p=3291\">more <span class=\"meta-nav\">&raquo;<\/span><\/a><\/p>\n","protected":false},"author":2,"featured_media":3292,"comment_status":"open","ping_status":"open","sticky":false,"template":"","format":"standard","meta":{"footnotes":""},"categories":[1,41],"tags":[74,374,1400],"aioseo_notices":[],"_links":{"self":[{"href":"https:\/\/infois.ro\/index.php?rest_route=\/wp\/v2\/posts\/3291"}],"collection":[{"href":"https:\/\/infois.ro\/index.php?rest_route=\/wp\/v2\/posts"}],"about":[{"href":"https:\/\/infois.ro\/index.php?rest_route=\/wp\/v2\/types\/post"}],"author":[{"embeddable":true,"href":"https:\/\/infois.ro\/index.php?rest_route=\/wp\/v2\/users\/2"}],"replies":[{"embeddable":true,"href":"https:\/\/infois.ro\/index.php?rest_route=%2Fwp%2Fv2%2Fcomments&post=3291"}],"version-history":[{"count":1,"href":"https:\/\/infois.ro\/index.php?rest_route=\/wp\/v2\/posts\/3291\/revisions"}],"predecessor-version":[{"id":3293,"href":"https:\/\/infois.ro\/index.php?rest_route=\/wp\/v2\/posts\/3291\/revisions\/3293"}],"wp:featuredmedia":[{"embeddable":true,"href":"https:\/\/infois.ro\/index.php?rest_route=\/wp\/v2\/media\/3292"}],"wp:attachment":[{"href":"https:\/\/infois.ro\/index.php?rest_route=%2Fwp%2Fv2%2Fmedia&parent=3291"}],"wp:term":[{"taxonomy":"category","embeddable":true,"href":"https:\/\/infois.ro\/index.php?rest_route=%2Fwp%2Fv2%2Fcategories&post=3291"},{"taxonomy":"post_tag","embeddable":true,"href":"https:\/\/infois.ro\/index.php?rest_route=%2Fwp%2Fv2%2Ftags&post=3291"}],"curies":[{"name":"wp","href":"https:\/\/api.w.org\/{rel}","templated":true}]}}