{"id":3297,"date":"2012-12-14T19:22:37","date_gmt":"2012-12-14T17:22:37","guid":{"rendered":"http:\/\/infois.ro\/?p=3297"},"modified":"2012-12-14T19:22:37","modified_gmt":"2012-12-14T17:22:37","slug":"seri-de-colinde","status":"publish","type":"post","link":"https:\/\/infois.ro\/?p=3297","title":{"rendered":"Seri de colinde"},"content":{"rendered":"<p style=\"text-align: justify;\"><a class=\"highslide\" onclick=\"return vz.expand(this)\" href=\"http:\/\/infois.ro\/wp-content\/uploads\/2012\/12\/seri-de-colinde.jpg\"><img loading=\"lazy\" decoding=\"async\" class=\"alignleft size-large wp-image-3298\" title=\"seri de colinde\" src=\"http:\/\/infois.ro\/wp-content\/uploads\/cache\/2012\/12\/seri-de-colinde\/2230781706.jpg\" alt=\"\" width=\"640\" height=\"315\" \/><\/a><\/p>\n<p style=\"text-align: justify;\">La jum\u0103tatea lunii decembrie, ie\u015fenii se vor putea bucura de frumuse\u0163ea S\u0103rb\u0103torilor de iarn\u0103, \u00eentr-un cadru feeric, respectiv la Palatul Roznovanu, sediul Prim\u0103riei. Astfel, \u00een zilele de 15, 16, 21 \u015fi 22 decembrie, \u00eencep\u00e2nd cu ora 19.00 (intrarea va fi liber\u0103), \u00cen Sala Mare a Prim\u0103riei municipiului Ia\u0219i va avea loc evenimentul \u201eSeri de Colinde 2012\u201d, pentru a marca<strong>\u00a0S<\/strong>\u0103rb\u0103torile de iarn\u0103 \u015fi finalul anului. \u00cen deschiderea \u201cSerilor de Colinde\u201d, s\u00e2mb\u0103t\u0103, 15 decembrie, \u00eencep\u00e2nd cu ora 18.00, \u00een holul Palatului Roznovanu va r\u0103suna muzica arti\u015ftilor din cadrul Cvintetului de al\u0103muri \u201cAdamos Brass\u201d. Mai mult, cei mici se vor putea delecta cu pove\u015fti de iarn\u0103 istorisite chiar de Z\u00e2na Serilor de Colinde,\u00a0 iar copila\u015fii din corul \u201dAlpha Lirae\u201d vor umple de bucurie sufletele participan\u0163ilor cu c\u00e2ntecele specifice s\u0103rb\u0103torilor. Arti\u015ftii vor interpreta melodii din repertoriul na\u0163ional, dar \u015fi interna\u0163ional. Potrivit reprezentan\u021bilor municipalit\u0103\u021bii, spectacolele vor fi filmate \u015fi transmise pe un ecran ce va fi amplasat \u00een fa\u0163a Palatului Roznovanu, astfel \u00eenc\u00e2t \u015fi cei care, din lips\u0103 de timp sau locuri, s\u0103 se poat\u0103 bucura de magia colindelor. Intrarea la eveniment este liber\u0103, iar cei prezen\u0163i vor primi cadou cartea \u201cColinde \u00een dar\u201d.<\/p>\n<p style=\"text-align: justify;\"><strong>Programul \u201dSerilor de colinde\u201d<\/strong><\/p>\n<p style=\"text-align: justify;\"><strong><em>S\u00e2mb\u0103t\u0103, 15\u00a0decembrie\u00a02012<\/em><\/strong><em><\/em><\/p>\n<p style=\"text-align: justify;\">Ora 18:00 \u2013 18:50- cvintetul de al\u0103muri \u201cAdamos Brass\u201d, condus de profesor Liviu Adamachi, va sus\u0163ine un spectacol de colinde \u00een holul Palatului Roznovanu. La ora 19.00, spectacolul va continua \u00een sala mare a Prim\u0103riei Municipiului Ia\u015fi cu pove\u015ftile citite de Z\u00e2na Serilor de Colinde, actri\u0163a Diana Roman, clasa prof. univ. dr. Emil Coseriu, pe muzic\u0103 de Glockenspiel, \u00een interpretarea percu\u0163ionistului Iustin Rusu. \u00cen sal\u0103 va p\u0103trunde mai apoi, interpret\u00e2nd colinde, corul de copii \u201cAlpha Lirae\u201d al Colegiului Na\u0163ional de Art\u0103 Octav Bancil\u0103, \u00eendruma\u0163i de prof. dr. Lumini\u0163a Du\u0163ic\u0103. Seara va continua cu muzica complex\u0103 a Cvintetul \u201cAcademica\u201d, ce va impresiona prin interpretarea unor piese instrumentale specifice S\u0103rb\u0103torilor de iarn\u0103, c\u00e2t \u015fi acompaniind-o pe soprana Ina Cristea ce aduce prin vocea sa magie colindelor.<\/p>\n<p style=\"text-align: justify;\"><strong><em>Duminic\u0103,16\u00a0decembrie\u00a02012<\/em><\/strong><em><\/em><\/p>\n<p style=\"text-align: justify;\">\u00cen deschiderea spectacolului, \u00eentre orele 18:00 \u2013 18:50, cvintetul de al\u0103muri \u201cAdamos Brass\u201d, condus de profesor Liviu Adamachi, va sus\u0163ine un spectacol de colinde \u00een holul Palatului Roznovanu. Spectacolul \u00eencepe la ora 19.00, cu pove\u015ftile citite de Z\u00e2na Serilor de Colinde, actri\u0163a Tatiana Grigore, pe muzica de Glockenspiel, \u00een interpretarea percu\u0163ionistului Iustin Rusu. \u00cen sal\u0103 vor p\u0103trunde mai apoi, interpret\u00e2nd colinde, copii din corul \u201cAlpha Lirae\u201dal Colegiului Na\u0163ional de Art\u0103 Octav Bancil\u0103 sub dirijarea prof. dr. Lumini\u0163a Du\u0163ic\u0103. Corul de camer\u0103 \u201cVOX ART\u2019IS\u201d<strong>,\u00a0<\/strong>dirijor Bogdan Cojocaru, va \u00eencheia seara cu un minunat concert de colinde.<\/p>\n<p style=\"text-align: justify;\"><strong><em>Vineri, 21\u00a0decembrie\u00a02012<\/em><\/strong><em><\/em><\/p>\n<p style=\"text-align: justify;\">Ora 18:00 \u2013 18:50 \u2013 \u00een deschiderea spectacolului, cvintetul de al\u0103muri \u201cAdamos Brass\u201d condus de profesor Liviu Adamachi, va sus\u0163ine un spectacol de colinde \u00een holul Palatului Roznovanu. Seara va fi deschis\u0103 la ora 19.00 de Z\u00e2na Serilor de Colinde, actri\u0163a Tatiana Grigore, care va citi pove\u015fti pentru cei mici, dar \u015fi pentru cei mari, pe muzica de Glockenspiel \u00een interpretarea percu\u0163ionistului Iustin Rusu. \u00cen sal\u0103 vor p\u0103trunde mai apoi, interpret\u00e2nd colinde, copila\u015fii din Corul \u201cAlpha Lirae\u201dal Colegiului Na\u0163ional de Art\u0103 Octav Bancil\u0103, Dirijor \u2013 prof. dr. Lumini\u0163a Du\u0163ic\u0103. A treia sear\u0103 de colinde va continua cu muzica prestigiosului cor \u201cCantores Amicitiae\u201d al Universit\u0103\u0163ii de Arte \u201cGeorge Enescu\u201d din Ia\u015fi, condus de Prof. Univ. Dr. Nicolae G\u00e2sc\u0103.<\/p>\n<p style=\"text-align: justify;\"><strong><em>S\u00e2mb\u0103t\u0103, 22\u00a0decembrie\u00a02012<\/em><\/strong><em><\/em><\/p>\n<p style=\"text-align: justify;\">Ora 18:00 \u2013 18:50 \u2013 \u00een deschiderea spectacolului, cvintetul de al\u0103muri \u201cAdamos Brass\u201d condus de profesor Liviu Adamachi, va sus\u0163ine un spectacol de colinde \u00een holul Palatului Roznovanu . Evenimentul \u00eencepe la ora 19.00 cu pove\u015ftile citite de Z\u00e2na Serilor de Colinde, actri\u0163a Tatiana Grigore, clasa prof. univ. dr. Emil Coseriu, pe muzic\u0103 de Glockenspiel \u00een interpretarea percu\u0163ionistului Iustin Rusu. \u00cen sal\u0103 va p\u0103trunde mai apoi Corul de copii \u201cAlpha Lirae\u201d al Colegiului Na\u0163ional de Art\u0103 Octav Bancil\u0103, Dirijor \u2013 prof. dr. Lumini\u0163a Du\u0163ic\u0103. Seria spectacolelor cu ocazia s\u0103rb\u0103torilor de iarn\u0103 2012 se \u00eencheie cu concertul sus\u0163inut de The Jassy Horn Sound, condus de Emil Ambrosa, al\u0103turi de soprana Cristina Grigora\u015f, tenor Ionu\u0163 Urde\u015f, bas Ciprian Chi\u0163u.<\/p>\n<p style=\"text-align: justify;\">\n","protected":false},"excerpt":{"rendered":"<p>La jum\u0103tatea lunii decembrie, ie\u015fenii se vor putea bucura de frumuse\u0163ea S\u0103rb\u0103torilor de iarn\u0103, \u00eentr-un&#8230; <a class=\"meta-more\" href=\"https:\/\/infois.ro\/?p=3297\">more <span class=\"meta-nav\">&raquo;<\/span><\/a><\/p>\n","protected":false},"author":2,"featured_media":3298,"comment_status":"open","ping_status":"open","sticky":false,"template":"","format":"standard","meta":{"footnotes":""},"categories":[1,41],"tags":[74,1381,1379],"aioseo_notices":[],"_links":{"self":[{"href":"https:\/\/infois.ro\/index.php?rest_route=\/wp\/v2\/posts\/3297"}],"collection":[{"href":"https:\/\/infois.ro\/index.php?rest_route=\/wp\/v2\/posts"}],"about":[{"href":"https:\/\/infois.ro\/index.php?rest_route=\/wp\/v2\/types\/post"}],"author":[{"embeddable":true,"href":"https:\/\/infois.ro\/index.php?rest_route=\/wp\/v2\/users\/2"}],"replies":[{"embeddable":true,"href":"https:\/\/infois.ro\/index.php?rest_route=%2Fwp%2Fv2%2Fcomments&post=3297"}],"version-history":[{"count":1,"href":"https:\/\/infois.ro\/index.php?rest_route=\/wp\/v2\/posts\/3297\/revisions"}],"predecessor-version":[{"id":3299,"href":"https:\/\/infois.ro\/index.php?rest_route=\/wp\/v2\/posts\/3297\/revisions\/3299"}],"wp:featuredmedia":[{"embeddable":true,"href":"https:\/\/infois.ro\/index.php?rest_route=\/wp\/v2\/media\/3298"}],"wp:attachment":[{"href":"https:\/\/infois.ro\/index.php?rest_route=%2Fwp%2Fv2%2Fmedia&parent=3297"}],"wp:term":[{"taxonomy":"category","embeddable":true,"href":"https:\/\/infois.ro\/index.php?rest_route=%2Fwp%2Fv2%2Fcategories&post=3297"},{"taxonomy":"post_tag","embeddable":true,"href":"https:\/\/infois.ro\/index.php?rest_route=%2Fwp%2Fv2%2Ftags&post=3297"}],"curies":[{"name":"wp","href":"https:\/\/api.w.org\/{rel}","templated":true}]}}