{"id":3327,"date":"2012-12-17T13:23:16","date_gmt":"2012-12-17T11:23:16","guid":{"rendered":"http:\/\/infois.ro\/?p=3327"},"modified":"2012-12-17T13:23:16","modified_gmt":"2012-12-17T11:23:16","slug":"mai-multe-tronsoane-de-drum-din-judetul-iasi-blocate-de-caderile-masive-de-zapada","status":"publish","type":"post","link":"https:\/\/infois.ro\/?p=3327","title":{"rendered":"Mai multe tronsoane de drum din jude\u021bul Ia\u0219i, blocate de c\u0103derile masive de z\u0103pad\u0103"},"content":{"rendered":"<p style=\"text-align: justify;\"><a class=\"highslide\" onclick=\"return vz.expand(this)\" href=\"http:\/\/infois.ro\/wp-content\/uploads\/2012\/12\/tronsoane-de-drum-blocate.jpg\"><img loading=\"lazy\" decoding=\"async\" class=\"alignleft size-large wp-image-3328\" title=\"tronsoane de drum blocate\" src=\"http:\/\/infois.ro\/wp-content\/uploads\/cache\/2012\/12\/tronsoane-de-drum-blocate\/2988739242.jpg\" alt=\"\" width=\"1024\" height=\"682\" \/><\/a>\u00cen cadrul videoconferin\u021bei cu prefec\u021bii \u0219i reprezentan\u021bii autorit\u0103\u021bilor locale, organizat\u0103 duminic\u0103, 16 decembrie, de ministrul Administra\u021biei \u0219i Internelor, Mircea Du\u0219a, pre\u015fedintele Consiliului Jude\u0163ean (CJ) Ia\u015fi, Cristian Adomni\u021bei, a ridicat problema transportului persoanelor dializate din jude\u021b. Dup\u0103 ce a subliniat c\u0103, \u00een acest moment, \u00een jude\u021bul Ia\u0219i nu exist\u0103 probleme \u00een aceast\u0103 privin\u021b\u0103, Cristian Adomni\u021bei a propus ca, pe viitor, autovehiculele care transport\u0103 dializa\u021bii s\u0103 fie dotate cu tot ceea ce este necesar pentru a nu r\u0103m\u00e2ne \u00eenz\u0103pezite pe drum. \u201eFirmele care se ocup\u0103 de ransportul pacien\u0163ilor cu dializ\u0103 ar trebui s\u0103 aib\u0103 \u00een rezerv\u0103 autovehicule 4&#215;4, special pentru astfel de perioade. \u00cen plus, toate celelalte autovehicule ale lor, precum Dacia Logan, ar trebui s\u0103 fie echipate cu anvelope de iarn\u0103 \u015fi lan\u0163uri. Personal am scos o ma\u015fin\u0103 din z\u0103pad\u0103 care nu era echipat\u0103 cu nimic. Transportul persoanelor dializate este cea mai mare problem\u0103 a noastr\u0103. De obicei trebuie s\u0103 abandon\u0103m urgen\u0163ele pe care le avem pentru a scoate un Logan complet neechipat din n\u0103me\u0163i. E bine ca astfel de lucruri s\u0103 nu se mai \u00eent\u00e2mple. Dac\u0103 firmele ar fi respectat condi\u0163iile impuse \u00een contract, am fi putut dispersa resursele \u00een mai multe locuri\u201d, a declarat pre\u0219edintele CJ Ia\u0219i. Potrivit reprezentan\u021bilor Direc\u021biei Jude\u021bene de Administrare a Drumurilor \u0219i Podurilor , duminic\u0103 seara, \u00een jude\u0163ul Ia\u015fi erau blocate urm\u0103toarele tronsoane de drum jude\u0163ean: DJ281C Bl\u0103ge\u015fti \u2013 Todire\u015fti \u2013 Cotnari, DJ281 Lespezi \u2013 Sire\u0163el (a fost desz\u0103pezit drumul comunal c\u0103tre DJ208, prin satul Dumbrava, comuna Lespezi), DJ281 Sticl\u0103ria \u2013 Sire\u0163el, DJ282D Ruginoasa \u2013 Hele\u015fteni \u2013 Al. I. Cuza, DJ244F Groze\u015fti \u2013 Bohotin, DJ282 Gropni\u0163a \u2013 Bulbucani, DJ208I Bl\u0103ge\u015fti \u2013 Crive\u015fti \u2013 V\u00e2n\u0103tori, DJ208L Pa\u015fcani \u2013 Miroslove\u015fti, DJ246 Sc\u00e2nteia \u2013 Ipatele \u2013 Mironeasa, DJ280B T\u00e2rgu Frumos \u2013 Cucuteni, DJ207M DN28 \u2013 Al. I. Cuza, DJ201C DN28 \u2013 R\u0103chiteni, DJ282D Podu Iloaiei \u2013 Rom\u00e2ne\u015fti \u015fi DJ208G Kog\u0103lniceni \u2013 Oboroceni. De asemenea, tronsoanele de drum Bivolari \u2013 Traian, Belce\u015fti \u2013 Coarnele Caprei \u2013 Bulbucani, Ro\u015fcani \u2013 R\u0103deni \u2013 DN24C, Vladomira \u2013 Hermeziu \u015fi Heci \u2013 T\u0103t\u0103ru\u015fi \u2013 Iorcani urmau s\u0103 fie desz\u0103pezite \u00een noaptea de duminic\u0103 spre luni. \u201eCodul galben va continua p\u00e2n\u0103 m\u00e2ine diminea\u0163\u0103, exist\u00e2nd probabilitatea de a fi prelungit. Rug\u0103m transportatorii de persoane s\u0103-\u015fi doteze autoturismele cu cauciucuri \u015fi echipamente de iarn\u0103. Avem acelea\u015fi condi\u0163ii meteo ca \u015fi \u00een celelalte jude\u0163e din Regiunea Moldovei. Cu toate acestea facem eforturi foarte mari pentru a men\u0163ine drumurile jude\u0163ene func\u0163ionale, av\u00e2nd doar 20% dintre ele blocate \u015fi \u00een special \u00een zone cu expunere foarte mare la viscol, f\u0103r\u0103 a afecta major marile comunit\u0103\u0163i de persoane. Sper\u0103m s\u0103 nu avem probleme nici \u00een aceast\u0103 noapte \u015fi s\u0103 putem men\u0163ine o stare bun\u0103 a drumurilor jude\u0163ene\u201d, a precizat Daniel Minciun\u0103, directorul Direc\u0163iei Jude\u0163ene de Administrare a Drumurilor \u015fi Podurilor Ia\u0219i.<\/p>\n","protected":false},"excerpt":{"rendered":"<p>\u00cen cadrul videoconferin\u021bei cu prefec\u021bii \u0219i reprezentan\u021bii autorit\u0103\u021bilor locale, organizat\u0103 duminic\u0103, 16 decembrie, de ministrul&#8230; <a class=\"meta-more\" href=\"https:\/\/infois.ro\/?p=3327\">more <span class=\"meta-nav\">&raquo;<\/span><\/a><\/p>\n","protected":false},"author":2,"featured_media":3328,"comment_status":"open","ping_status":"open","sticky":false,"template":"","format":"standard","meta":{"footnotes":""},"categories":[1,41],"tags":[74,133,1310,1411,40],"aioseo_notices":[],"_links":{"self":[{"href":"https:\/\/infois.ro\/index.php?rest_route=\/wp\/v2\/posts\/3327"}],"collection":[{"href":"https:\/\/infois.ro\/index.php?rest_route=\/wp\/v2\/posts"}],"about":[{"href":"https:\/\/infois.ro\/index.php?rest_route=\/wp\/v2\/types\/post"}],"author":[{"embeddable":true,"href":"https:\/\/infois.ro\/index.php?rest_route=\/wp\/v2\/users\/2"}],"replies":[{"embeddable":true,"href":"https:\/\/infois.ro\/index.php?rest_route=%2Fwp%2Fv2%2Fcomments&post=3327"}],"version-history":[{"count":1,"href":"https:\/\/infois.ro\/index.php?rest_route=\/wp\/v2\/posts\/3327\/revisions"}],"predecessor-version":[{"id":3329,"href":"https:\/\/infois.ro\/index.php?rest_route=\/wp\/v2\/posts\/3327\/revisions\/3329"}],"wp:featuredmedia":[{"embeddable":true,"href":"https:\/\/infois.ro\/index.php?rest_route=\/wp\/v2\/media\/3328"}],"wp:attachment":[{"href":"https:\/\/infois.ro\/index.php?rest_route=%2Fwp%2Fv2%2Fmedia&parent=3327"}],"wp:term":[{"taxonomy":"category","embeddable":true,"href":"https:\/\/infois.ro\/index.php?rest_route=%2Fwp%2Fv2%2Fcategories&post=3327"},{"taxonomy":"post_tag","embeddable":true,"href":"https:\/\/infois.ro\/index.php?rest_route=%2Fwp%2Fv2%2Ftags&post=3327"}],"curies":[{"name":"wp","href":"https:\/\/api.w.org\/{rel}","templated":true}]}}