{"id":3333,"date":"2012-12-17T13:29:05","date_gmt":"2012-12-17T11:29:05","guid":{"rendered":"http:\/\/infois.ro\/?p=3333"},"modified":"2012-12-17T13:29:05","modified_gmt":"2012-12-17T11:29:05","slug":"cristian-adomnitei-a-inmanat-parlamentarilor-ieseni-cate-un-dosar-cu-problemele-judetului","status":"publish","type":"post","link":"https:\/\/infois.ro\/?p=3333","title":{"rendered":"Cristian Adomni\u021bei a \u00eenm\u00e2nat parlamentarilor ie\u015feni c\u00e2te un dosar cu problemele jude\u021bului"},"content":{"rendered":"<p style=\"text-align: justify;\"><a class=\"highslide\" onclick=\"return vz.expand(this)\" href=\"http:\/\/infois.ro\/wp-content\/uploads\/2012\/12\/adomnitei1.jpg\"><img loading=\"lazy\" decoding=\"async\" class=\"alignleft size-large wp-image-3334\" title=\"adomnitei\" src=\"http:\/\/infois.ro\/wp-content\/uploads\/cache\/2012\/12\/adomnitei1\/3750925129.jpg\" alt=\"\" width=\"1024\" height=\"693\" \/><\/a>Cu ocazia particip\u0103rii la ceremonia de \u00eenm\u00e2nare, de c\u0103tre reprezentan\u021bii Biroului Electoral Jude\u021bean (BEJ), a certificatelor de parlamentar celor 25 de candida\u021bi din jude\u021bul Ia\u0219i care au c\u00e2\u0219tigat alegerile generale din 9 decembrie, pre\u015fedintele Consiliului Jude\u0163ean (CJ) Ia\u015fi, Cristian Adomni\u021bei, a \u00eenm\u00e2nat fiec\u0103ruia dintre ace\u0219tia c\u00e2te un dosar cu problemele cu care se confrunt\u0103 comunit\u0103\u0163ile locale din jude\u021b. \u201c\u00cen acest moment solemn am avut pl\u0103cerea s\u0103-i dau fiec\u0103rui parlamentar din grupul ie\u015fean, tuturor celor 23 de parlamentari ale\u015fi pe listele de partid uninominale \u015fi celor doi parlamentari apar\u0163in\u00e2nd minorit\u0103\u0163ilor na\u0163ionale, care au ie\u015fit pe raza circumscrip\u0163iei Ia\u015fi, un dosar cu problemele fiec\u0103rei comunit\u0103\u0163i din colegiul dumnealor. Pentru senatorii \u015fi deputa\u0163ii din municipiul Ia\u0219i am f\u0103cut un dosar cu proiectul Aeroportului. Pentru to\u0163i ceilal\u0163i parlamentari, care sunt \u00een colegiile din afara municipiului Ia\u015fi, am f\u0103cut un dosar care cuprinde problematica referitoare la drumuri, ap\u0103 \u015fi canal, biserici, c\u0103mine culturale \u015fi celelalte probleme din fiecare comun\u0103 sau ora\u015f care este apar\u0163in\u0103tor de colegiul respectiv. Am toat\u0103 \u00eencrederea c\u0103 to\u0163i ace\u015fti parlamentari, o for\u0163\u0103 reunit\u0103 mai mare dec\u00e2t a UDMR spre exemplu \u00een Parlament, se vor str\u0103dui s\u0103 aduc\u0103 la Ia\u015fi roade \u015fi \u00eempliniri pentru concet\u0103\u0163enii no\u015ftri\u201d, a precizat pre\u0219edintele Cristian Adomni\u021bei.<\/p>\n","protected":false},"excerpt":{"rendered":"<p>Cu ocazia particip\u0103rii la ceremonia de \u00eenm\u00e2nare, de c\u0103tre reprezentan\u021bii Biroului Electoral Jude\u021bean (BEJ), a&#8230; <a class=\"meta-more\" href=\"https:\/\/infois.ro\/?p=3333\">more <span class=\"meta-nav\">&raquo;<\/span><\/a><\/p>\n","protected":false},"author":2,"featured_media":3334,"comment_status":"open","ping_status":"open","sticky":false,"template":"","format":"standard","meta":{"footnotes":""},"categories":[1],"tags":[1414,374],"aioseo_notices":[],"_links":{"self":[{"href":"https:\/\/infois.ro\/index.php?rest_route=\/wp\/v2\/posts\/3333"}],"collection":[{"href":"https:\/\/infois.ro\/index.php?rest_route=\/wp\/v2\/posts"}],"about":[{"href":"https:\/\/infois.ro\/index.php?rest_route=\/wp\/v2\/types\/post"}],"author":[{"embeddable":true,"href":"https:\/\/infois.ro\/index.php?rest_route=\/wp\/v2\/users\/2"}],"replies":[{"embeddable":true,"href":"https:\/\/infois.ro\/index.php?rest_route=%2Fwp%2Fv2%2Fcomments&post=3333"}],"version-history":[{"count":1,"href":"https:\/\/infois.ro\/index.php?rest_route=\/wp\/v2\/posts\/3333\/revisions"}],"predecessor-version":[{"id":3335,"href":"https:\/\/infois.ro\/index.php?rest_route=\/wp\/v2\/posts\/3333\/revisions\/3335"}],"wp:featuredmedia":[{"embeddable":true,"href":"https:\/\/infois.ro\/index.php?rest_route=\/wp\/v2\/media\/3334"}],"wp:attachment":[{"href":"https:\/\/infois.ro\/index.php?rest_route=%2Fwp%2Fv2%2Fmedia&parent=3333"}],"wp:term":[{"taxonomy":"category","embeddable":true,"href":"https:\/\/infois.ro\/index.php?rest_route=%2Fwp%2Fv2%2Fcategories&post=3333"},{"taxonomy":"post_tag","embeddable":true,"href":"https:\/\/infois.ro\/index.php?rest_route=%2Fwp%2Fv2%2Ftags&post=3333"}],"curies":[{"name":"wp","href":"https:\/\/api.w.org\/{rel}","templated":true}]}}