{"id":33460,"date":"2018-03-19T12:46:25","date_gmt":"2018-03-19T10:46:25","guid":{"rendered":"http:\/\/infois.ro\/?p=33460"},"modified":"2018-03-19T12:46:25","modified_gmt":"2018-03-19T10:46:25","slug":"aministratia-prezidentiala-sprijina-un-proiect-al-universitatii-tehnice-gheorghe-asachi","status":"publish","type":"post","link":"https:\/\/infois.ro\/?p=33460","title":{"rendered":"Aministra\u021bia Preziden\u021bial\u0103 sprijin\u0103 un proiect al Universit\u0103\u0163ii Tehnice &#8220;Gheorghe Asachi&#8221;"},"content":{"rendered":"<p><a href=\"http:\/\/infois.ro\/wp-content\/uploads\/2018\/03\/klaus-iohannis-si-dan-cascaval.jpg\"><img loading=\"lazy\" decoding=\"async\" class=\"alignleft  wp-image-33461\" src=\"http:\/\/infois.ro\/wp-content\/uploads\/2018\/03\/klaus-iohannis-si-dan-cascaval.jpg\" alt=\"\" width=\"340\" height=\"227\" srcset=\"https:\/\/infois.ro\/wp-content\/uploads\/2018\/03\/klaus-iohannis-si-dan-cascaval.jpg 640w, https:\/\/infois.ro\/wp-content\/uploads\/2018\/03\/klaus-iohannis-si-dan-cascaval-300x200.jpg 300w\" sizes=\"(max-width: 340px) 100vw, 340px\" \/><\/a><\/p>\n<p style=\"text-align: justify;\">Universitatea Tehnic\u0103 \u201eGheorghe Asachi\u201d din Ia\u0219i va primi sprijinul Administra\u021biei Preziden\u021biale \u00een organizarea manifest\u0103rilor programate anul acesta, \u00a0care marcheaz\u0103 \u00eemplinirea a 205 ani de la \u00eenfiin\u021barea la Ia\u0219i a primei \u0219coli de ingineri hotarnici cu predare \u00een limba rom\u00e2n\u0103, pe bazele c\u0103reia a fost cl\u0103dit\u0103 ulterior Politehnica ie\u0219ean\u0103. Proiectul Universit\u0103\u0163ii Tehnice a fost prezentat de rectorul institu\u0163iei, prof. univ. dr. ing. Dan Ca\u0219caval, la dezbaterea \u201eRom\u00e2nia la Centenar\u201d, care a avut loc s\u0103pt\u0103m\u00e2na trecut\u0103 la Palatul Cotroceni. Au fost prezentate \u00een total aproximativ 50 de proiecte, ce vor fi desf\u0103\u0219urate sub egida Centenarului \u0219i sprijinite de Administra\u021bia Preziden\u021bial\u0103, realizate de administra\u021bii locale, societatea civil\u0103 \u0219i mediul academic, care a fost reprezentat de Academia Rom\u00e2n\u0103, Consiliul Na\u021bional al Rectorilor \u0219i \u0219apte universit\u0103\u021bi din \u021bar\u0103. \u201eAm dorit ca la \u00eenceputul anului Centenarului s\u0103 m\u0103 \u00eent\u00e2lnesc cu cei care mi-au adresat solicit\u0103ri de acordare a \u00cenaltului Patronaj sau mi-au trimis invita\u021bii la proiecte \u0219i evenimente de marcare a faptelor de acum un secol. Am subliniat \u00een repetate r\u00e2nduri c\u0103 Centenarul Marii Uniri nu trebuie s\u0103 se rezume la a fi un simplu prilej de ceremonii, fie ele pioase sau de mare bucurie. Centenarul nu marcheaz\u0103 doar momentele de acum 100 de ani, ci este despre \u00eentregul parcurs al Rom\u00e2niei moderne \u0219i despre proiectele noastre de viitor. Proiectele care celebreaz\u0103 Centenarul sunt importante dac\u0103 propun idei, perspective sau obiective pentru viitor. Acesta a fost \u0219i criteriul esen\u021bial pentru care \u00eencurajez \u0219i sus\u021bin manifest\u0103rile pe care dumneavoastr\u0103 le dedica\u021bi Centenarului\u201d, a declarat pre\u0219edintele Klaus Iohannis, \u00een deschiderea dezbaterii. La eveniment au participat aproximativ 200 de invita\u021bi, din mediul academic, autorit\u0103\u021bi jude\u021bene \u0219i locale, reprezentan\u021bi ai asocia\u021biilor studen\u021be\u0219ti \u0219i ale ONG-urilor care activeaz\u0103 \u00een sfera public\u0103. Dintre toate proiectele prezentate de mediul academic, cel al Universit\u0103\u021bii Tehnice este singurul din zona Moldovei. \u201eM-a impresionat atmosfera cordial\u0103 pe care, este adev\u0103rat, am sim\u021bit-o \u0219i \u00een timpul ceremoniei de decernare a decora\u021biei \u00abMeritul pentru \u00cenv\u0103\u021b\u0103m\u00e2nt\u00bb. Pentru noi a fost deosebit de onorant s\u0103 constat\u0103m c\u0103 am prezentat singurul proiect universitar din Moldova \u0219i am fost m\u00e2ndru c\u0103 prin aceast\u0103 prim\u0103 clas\u0103 \u00een limba rom\u00e2n\u0103 de ingineri, s\u00e2mburele Politehnicii ie\u0219ene, Ia\u0219ul de\u021bine \u00eenc\u0103 o prim\u0103 pozi\u021bie \u00een devenirea Rom\u00e2niei moderne\u201d, a declarat prof. univ. dr. ing. Dan Ca\u0219caval, rectorul Universit\u0103\u0163ii Tehnice &#8220;Gheorghe Asachi&#8221;.\u00a0\u00cen timpul dezbaterii, fiecare proiect a fost prezentat pe un slide, con\u021bin\u00e2nd o scurt\u0103 descriere cu tematica general\u0103 \u0219i cu perioada \u00een care va avea loc. Ulterior, fiecare reprezentant al institu\u021biilor care au depus proiectele respective a avut posibilitatea s\u0103 discute personal cu pre\u0219edintele Rom\u00e2niei timp de c\u00e2teva minute. Prof. univ. dr. ing. Dan Ca\u0219caval a precizat c\u0103 \u00een timpul discu\u021biilor cu Klaus Iohannis, pre\u0219edintele \u0219i-a manifestat interesul de a participa \u00een noiembrie la evenimentele organizate de universitate pentru a celebra \u00eemplinirea a 205 ani de la \u00eenfiin\u021barea la Ia\u0219i a primei \u0219coli de ingineri hotarnici cu predare \u00een limba rom\u00e2n\u0103. \u00a0\u201eAm men\u021bionat domnului pre\u0219edinte c\u0103 \u00een Aula \u00abCarmen Sylva\u00bb a Politehnicii ie\u0219ene s-au desf\u0103\u0219urat lucr\u0103rile Senatului Rom\u00e2niei \u00een perioada refugiului de la Ia\u0219i din Primul R\u0103zboi Mondial, ceea ce i s-a p\u0103rut deosebit de interesant. Excelen\u021ba Sa mi-a spus c\u0103 ar fi bucuros s\u0103 poat\u0103 veni la noi \u0219i s\u0103 iau leg\u0103tura cu consilierii domniei sale pentru a realiza formalit\u0103\u021bile necesare. \u0218i \u00een acest context, mul\u021bumesc sincer \u00eentregii Comisii Preziden\u021biale pentru Educa\u021bie \u0219i Cercetare, coordonat\u0103 de doamna consilier de stat Ligia Deca, cu care am fost onora\u021bi s\u0103 colabor\u0103m de la \u00eenceputul mandatului nostru. Mul\u021bumesc comisiei pentru sus\u021binere, colaborare \u0219i parteneriat, precum \u0219i pentru intermedierea unei posibile vizite a pre\u0219edintelui \u00een universitatea noastr\u0103\u201d, a men\u0163ionat prof. univ. dr. ing. Dan Ca\u0219caval.<\/p>\n<p style=\"text-align: justify;\">\n","protected":false},"excerpt":{"rendered":"<p>Universitatea Tehnic\u0103 \u201eGheorghe Asachi\u201d din Ia\u0219i va primi sprijinul Administra\u021biei Preziden\u021biale \u00een organizarea manifest\u0103rilor programate&#8230; <a class=\"meta-more\" href=\"https:\/\/infois.ro\/?p=33460\">more <span class=\"meta-nav\">&raquo;<\/span><\/a><\/p>\n","protected":false},"author":2,"featured_media":33461,"comment_status":"closed","ping_status":"closed","sticky":false,"template":"","format":"standard","meta":{"footnotes":""},"categories":[12,41],"tags":[74,8870,40,10420,3112,5618],"aioseo_notices":[],"_links":{"self":[{"href":"https:\/\/infois.ro\/index.php?rest_route=\/wp\/v2\/posts\/33460"}],"collection":[{"href":"https:\/\/infois.ro\/index.php?rest_route=\/wp\/v2\/posts"}],"about":[{"href":"https:\/\/infois.ro\/index.php?rest_route=\/wp\/v2\/types\/post"}],"author":[{"embeddable":true,"href":"https:\/\/infois.ro\/index.php?rest_route=\/wp\/v2\/users\/2"}],"replies":[{"embeddable":true,"href":"https:\/\/infois.ro\/index.php?rest_route=%2Fwp%2Fv2%2Fcomments&post=33460"}],"version-history":[{"count":1,"href":"https:\/\/infois.ro\/index.php?rest_route=\/wp\/v2\/posts\/33460\/revisions"}],"predecessor-version":[{"id":33462,"href":"https:\/\/infois.ro\/index.php?rest_route=\/wp\/v2\/posts\/33460\/revisions\/33462"}],"wp:featuredmedia":[{"embeddable":true,"href":"https:\/\/infois.ro\/index.php?rest_route=\/wp\/v2\/media\/33461"}],"wp:attachment":[{"href":"https:\/\/infois.ro\/index.php?rest_route=%2Fwp%2Fv2%2Fmedia&parent=33460"}],"wp:term":[{"taxonomy":"category","embeddable":true,"href":"https:\/\/infois.ro\/index.php?rest_route=%2Fwp%2Fv2%2Fcategories&post=33460"},{"taxonomy":"post_tag","embeddable":true,"href":"https:\/\/infois.ro\/index.php?rest_route=%2Fwp%2Fv2%2Ftags&post=33460"}],"curies":[{"name":"wp","href":"https:\/\/api.w.org\/{rel}","templated":true}]}}