{"id":3391,"date":"2012-12-27T13:35:25","date_gmt":"2012-12-27T11:35:25","guid":{"rendered":"http:\/\/infois.ro\/?p=3391"},"modified":"2012-12-27T13:35:25","modified_gmt":"2012-12-27T11:35:25","slug":"sase-trupe-si-interpreti-romani-ii-vor-incanta-pe-ieseni-in-piata-palatului-culturii-in-noaptea-de-revelion","status":"publish","type":"post","link":"https:\/\/infois.ro\/?p=3391","title":{"rendered":"\u0218ase trupe \u0219i interpre\u021bi rom\u00e2ni \u00eei vor \u00eenc\u00e2nta pe ie\u0219eni, \u00een Pia\u021ba Palatului Culturii, \u00een noaptea de Revelion"},"content":{"rendered":"<p style=\"text-align: justify;\"><a class=\"highslide\" onclick=\"return vz.expand(this)\" href=\"http:\/\/infois.ro\/wp-content\/uploads\/2012\/12\/revelion.jpg\"><img loading=\"lazy\" decoding=\"async\" class=\"alignleft size-large wp-image-3392\" title=\"revelion\" src=\"http:\/\/infois.ro\/wp-content\/uploads\/cache\/2012\/12\/revelion\/2683215482.jpg\" alt=\"\" width=\"640\" height=\"427\" \/><\/a><\/p>\n<p style=\"text-align: justify;\">\u00cen noaptea de Revelion, ie\u0219enii se vor putea delecta cu muzica a \u0219ase trupe \u0219i interpre\u021bi rom\u00e2ni, care vor concerta, \u00eencep\u00e2nd cu ora 20.00, pe scena special amenajat\u0103 \u00een Pia\u021ba Palatului Culturii. Dup\u0103 cum au anun\u021bat reprezentan\u021bii Prim\u0103riei, \u00een noaptea dintre ani, pe scena vor evolua Hara, Cici&amp;Anuscka (ex Sistem), DJ Project&amp;Adela Popescu, DJ Sava&amp;Misha, Hora \u0219i Nick Camarera feat. Alinka. \u00cen total, pentru concerul dintre ani, din Pia\u021ba Palatului Culturii, municipalitatea ie\u0219ean\u0103 va cheltui suma de 98.100 de lei, respectiv 21.800 de euro. Cea mai \u201dscump\u0103\u201d forma\u021bie este DJ Project&amp;Adela Popescu, pentru care Prim\u0103ria va scoate de la bugetul local suma de 5.000 de euro, urmat\u0103 de DJ Sava&amp;Misha (4.500 euro) \u0219i Hara (4.300 euro), la polul opus situ\u00e2ndu-se Nick Camarera fet. Alinka, care vor fi recompensa\u021bi cu doar 1.700 de euro. Reprezentan\u021bii Prim\u0103riei ie\u0219ene au precizat c\u0103 amenajarea scenei pe care vor evolua interpre\u021bii a costat 15.500 de euro, \u00een timp ce pentru focul de artificii de dup\u0103 concert, care va avea o durat\u0103 de 17 minute, municipalitatea va pl\u0103ti suma de 17.000 de euro.<\/p>\n","protected":false},"excerpt":{"rendered":"<p>\u00cen noaptea de Revelion, ie\u0219enii se vor putea delecta cu muzica a \u0219ase trupe \u0219i&#8230; <a class=\"meta-more\" href=\"https:\/\/infois.ro\/?p=3391\">more <span class=\"meta-nav\">&raquo;<\/span><\/a><\/p>\n","protected":false},"author":2,"featured_media":3392,"comment_status":"open","ping_status":"closed","sticky":false,"template":"","format":"standard","meta":{"footnotes":""},"categories":[1,41],"tags":[74,40,1431],"aioseo_notices":[],"_links":{"self":[{"href":"https:\/\/infois.ro\/index.php?rest_route=\/wp\/v2\/posts\/3391"}],"collection":[{"href":"https:\/\/infois.ro\/index.php?rest_route=\/wp\/v2\/posts"}],"about":[{"href":"https:\/\/infois.ro\/index.php?rest_route=\/wp\/v2\/types\/post"}],"author":[{"embeddable":true,"href":"https:\/\/infois.ro\/index.php?rest_route=\/wp\/v2\/users\/2"}],"replies":[{"embeddable":true,"href":"https:\/\/infois.ro\/index.php?rest_route=%2Fwp%2Fv2%2Fcomments&post=3391"}],"version-history":[{"count":2,"href":"https:\/\/infois.ro\/index.php?rest_route=\/wp\/v2\/posts\/3391\/revisions"}],"predecessor-version":[{"id":3394,"href":"https:\/\/infois.ro\/index.php?rest_route=\/wp\/v2\/posts\/3391\/revisions\/3394"}],"wp:featuredmedia":[{"embeddable":true,"href":"https:\/\/infois.ro\/index.php?rest_route=\/wp\/v2\/media\/3392"}],"wp:attachment":[{"href":"https:\/\/infois.ro\/index.php?rest_route=%2Fwp%2Fv2%2Fmedia&parent=3391"}],"wp:term":[{"taxonomy":"category","embeddable":true,"href":"https:\/\/infois.ro\/index.php?rest_route=%2Fwp%2Fv2%2Fcategories&post=3391"},{"taxonomy":"post_tag","embeddable":true,"href":"https:\/\/infois.ro\/index.php?rest_route=%2Fwp%2Fv2%2Ftags&post=3391"}],"curies":[{"name":"wp","href":"https:\/\/api.w.org\/{rel}","templated":true}]}}