{"id":3417,"date":"2013-01-04T17:40:19","date_gmt":"2013-01-04T15:40:19","guid":{"rendered":"http:\/\/infois.ro\/?p=3417"},"modified":"2013-01-04T17:40:19","modified_gmt":"2013-01-04T15:40:19","slug":"un-nou-proiect-cu-finantare-europeana-finalizat-de-primaria-municipiului-iasi","status":"publish","type":"post","link":"https:\/\/infois.ro\/?p=3417","title":{"rendered":"Un nou proiect cu finan\u021bare european\u0103, finalizat de Prim\u0103ria municipiului Ia\u0219i"},"content":{"rendered":"<p style=\"text-align: justify;\"><a class=\"highslide\" onclick=\"return vz.expand(this)\" href=\"http:\/\/infois.ro\/wp-content\/uploads\/2013\/01\/proiectul-organza.jpg\"><img loading=\"lazy\" decoding=\"async\" class=\"alignleft size-large wp-image-3418\" title=\"proiectul organza\" src=\"http:\/\/infois.ro\/wp-content\/uploads\/cache\/2013\/01\/proiectul-organza\/1242568528.jpg\" alt=\"\" width=\"640\" height=\"416\" \/><\/a><\/p>\n<p style=\"text-align: justify;\">La sf\u00e2r\u0219itul anului trecut a fost finalizat proiectul \u201eORGANZA \u2013 Network of Medium Sized Creative Cities\u201d (Re\u0163ea a ora\u0219elor cu industrii creative), finan\u0163at prin Programul Opera\u0163ional de Cooperare Interregional\u0103 \u2013 INTERREG IV C, derulat \u00een perioada ianuarie 2010 \u2013 decembrie 2012 de c\u0103tre Prim\u0103ria municipiului Ia\u015fi, prin Serviciul Rela\u021bii Interna\u021bionale. Lider al proiectului a fost Prim\u0103ria ora\u0219ului Arnhem (Olanda), ceilal\u021bi parteneri \u00een proiect fiind ArtEZ Hogeschool voor de Kunsten din Arnhem,\u00a0 WFB Wirtschaftsforderung din Bremen (Germania),\u00a0 Centra Tessile Cotoniero e Abbigliamento din Treviso, Italia, Prim\u0103ria Presov din Slovenia, Universitatea din\u00a0 Kosice Slovenia, Nottingham Trent University din Marea Britanie, Design Vlaanderen\u00a0 din Bruxelles, Belgia, Treviso Tecnologia din Italia, Camera di Commercio Industria Artigianato Agricoltura din Varese, Italia, Agenda Navarra de Innovacion y Tecnologia din Spania, Centra Europeo de Empresas e Innovacion din Navarra, Spania \u0219i Universitatea Tehnica &#8220;Gheorghe Asachi&#8221; din lasi. Bugetul total al proiectului a fost de 1.959.881,25 Euro. Bugetul municipiului Ia\u015fi \u00een cadrul acestui proiect, pentru cei trei ani de implementare, s-a ridicat la suma de 50.000 de Euro, din care contribu\u021bia proprie a fost de 1.000 de Euro, fonduri FEDR de 42.500 Euro \u0219i co-finan\u021barea na\u021bional\u0103 de 6.500 de Euro. \u00a0Proiectul \u201eORGANZA\u201d a avut ca principal obiectiv schimbul de bune practici \u00een domenii creative \u0219i identificarea instrumentelor prin care ora\u0219ele si regiunile de m\u0103rime medie pot s\u0103 \u00eesi \u00eembun\u0103t\u0103teasc\u0103 structura industriilor creative \u0219i s\u0103 impulsioneze contribu\u021bia firmelor care utilizeaz\u0103 industriile creative s\u0103 sus\u021bin\u0103 economia local\u0103. \u00a0Proiectul \u0219i-a propus, printre altele, crearea unei re\u021bele de experti \u00een industrii creative si mici \u00eentreprinz\u0103tori la nivel european, care s\u0103 lucreze la elaborarea unui ghid de politici pentru domeniul industriilor creative, publicarea unui jurnal electronic informativ (newsletter) care s\u0103 promoveze proiectele partenerilor din consor\u021biu, identificarea exemplelor de bune practici la nivel european \u0219i elaborarea unor profile la nivelul partenerilor pentru eviden\u021bierea tendin\u021belor spre un anumit tip de industrie creativ\u0103, o analiz\u0103 SWOT pentru stabilirea capacit\u0103tilor la nivel de partener de a dezvolta si implementa politici pe domeniul industriilor creative, realizarea unor planuri pilot de ac\u021biune local\u0103 \u0219i regional\u0103, demararea de proiecte pilot, la nivel de consortiu, de promovare si diseminare a unor modele de bun\u0103 practic\u0103 pe domeniul industriilor creative identificate \u00een cadrul proiectului. \u201dPrim\u0103ria Ia\u0219i a participat activ la implementarea tuturor activit\u0103\u021bilor proiectului \u00een colaborare cu Universitatea Tehnic\u0103 \u201dGh. Asachi\u201d, realiz\u0103nd un inventar al firmelor active \u00een domeniul creativ din Ia\u0219i \u0219i al modelelor de bune practici existente, identificarea unor spa\u021bii pentru dezvoltarea sau derularea de activit\u0103\u021bi creative, \u00een special pentru start-up-uri. Prim\u0103ria a organizat \u00eent\u00e2lniri \u0219i dezbateri pe tema rolului \u0219i nevoilor industriilor creative la care au participat reprezentan\u021bi ai firmelor private \u00een domeniu, ai Camerei de Comer\u021b \u0219i Industrie Ia\u0219i, cadre didactice \u0219i studen\u021bi ai Universit\u0103\u021bilor ie\u0219ene, ai Asocial\u021biei Indstriilor Creative \u0219i ai altor asocia\u021bii de profil din Ia\u0219i rezultatul fiind realizarea Planului pilot la nivelul municipiului Ia\u0219i \u0219i\u00a0 identificarea de proiecte de promovare a industriilor creative \u00een viitor\u201d, a declarat Elena Farca, managerul proiectului Organiza. Proiectul se dore\u0219te a fi un model de buna paractic\u0103 pentru \u00eencurajarea dezvoltarii acestui sector \u00een Ia\u0219i, crearea de re\u021bele de speciali\u0219ti \u00een domeniu \u0219i a unor platforme de colaborare, stimularea start-up-urilor in domeniu \u00een loca\u021bii deja existente (Tehnopolis, viitorul Centru Tehnologic Regional) dar \u0219i identificarea unor noi spa\u021bii menite s\u0103 \u00eencurajeze tinerii \u0219\u0103 se dezvolte \u0219i s\u0103 se afirme \u00een arhitectura, design, fashion, arte, publicitate, printing, IT \u0219i in toate celelalte domenii creative.<\/p>\n","protected":false},"excerpt":{"rendered":"<p>La sf\u00e2r\u0219itul anului trecut a fost finalizat proiectul \u201eORGANZA \u2013 Network of Medium Sized Creative&#8230; <a class=\"meta-more\" href=\"https:\/\/infois.ro\/?p=3417\">more <span class=\"meta-nav\">&raquo;<\/span><\/a><\/p>\n","protected":false},"author":2,"featured_media":3418,"comment_status":"open","ping_status":"closed","sticky":false,"template":"","format":"standard","meta":{"footnotes":""},"categories":[1,41],"tags":[74,1442,296],"aioseo_notices":[],"_links":{"self":[{"href":"https:\/\/infois.ro\/index.php?rest_route=\/wp\/v2\/posts\/3417"}],"collection":[{"href":"https:\/\/infois.ro\/index.php?rest_route=\/wp\/v2\/posts"}],"about":[{"href":"https:\/\/infois.ro\/index.php?rest_route=\/wp\/v2\/types\/post"}],"author":[{"embeddable":true,"href":"https:\/\/infois.ro\/index.php?rest_route=\/wp\/v2\/users\/2"}],"replies":[{"embeddable":true,"href":"https:\/\/infois.ro\/index.php?rest_route=%2Fwp%2Fv2%2Fcomments&post=3417"}],"version-history":[{"count":1,"href":"https:\/\/infois.ro\/index.php?rest_route=\/wp\/v2\/posts\/3417\/revisions"}],"predecessor-version":[{"id":3419,"href":"https:\/\/infois.ro\/index.php?rest_route=\/wp\/v2\/posts\/3417\/revisions\/3419"}],"wp:featuredmedia":[{"embeddable":true,"href":"https:\/\/infois.ro\/index.php?rest_route=\/wp\/v2\/media\/3418"}],"wp:attachment":[{"href":"https:\/\/infois.ro\/index.php?rest_route=%2Fwp%2Fv2%2Fmedia&parent=3417"}],"wp:term":[{"taxonomy":"category","embeddable":true,"href":"https:\/\/infois.ro\/index.php?rest_route=%2Fwp%2Fv2%2Fcategories&post=3417"},{"taxonomy":"post_tag","embeddable":true,"href":"https:\/\/infois.ro\/index.php?rest_route=%2Fwp%2Fv2%2Ftags&post=3417"}],"curies":[{"name":"wp","href":"https:\/\/api.w.org\/{rel}","templated":true}]}}