{"id":3420,"date":"2013-01-04T17:42:59","date_gmt":"2013-01-04T15:42:59","guid":{"rendered":"http:\/\/infois.ro\/?p=3420"},"modified":"2013-01-04T17:42:59","modified_gmt":"2013-01-04T15:42:59","slug":"iesenii-isi-vor-putea-plati-taxele-si-impozitele-locale-pentru-2013-incepand-de-luni-7-ianuarie","status":"publish","type":"post","link":"https:\/\/infois.ro\/?p=3420","title":{"rendered":"Ie\u015fenii \u00ee\u0219i vor putea pl\u0103ti taxele \u015fi impozitele locale pentru 2013 \u00eencep\u00e2nd de luni, 7 ianuarie"},"content":{"rendered":"<p style=\"text-align: justify;\"><a class=\"highslide\" onclick=\"return vz.expand(this)\" href=\"http:\/\/infois.ro\/wp-content\/uploads\/2013\/01\/program-de-incasare-taxe.jpg\"><img loading=\"lazy\" decoding=\"async\" class=\"alignleft size-large wp-image-3421\" title=\"program de incasare taxe\" src=\"http:\/\/infois.ro\/wp-content\/uploads\/cache\/2013\/01\/program-de-incasare-taxe\/1087402359.jpg\" alt=\"\" width=\"640\" height=\"296\" \/><\/a><\/p>\n<p style=\"text-align: justify;\">Plata taxelor \u015fi impozitelor locale pentru anul 2011 va putea fi efectuat\u0103 la Ia\u015fi \u00eencep\u00e2nd cu data de 7 ianuarie. Potrivit reprezentan\u0163ilor municipalit\u0103\u0163ii, \u00een zilele de 3 \u0219i 4 ianuarie, la ghi\u0219eele Direc\u021biei Locale a Finan\u021belor Publice (DLFP) vor putea fi pl\u0103tite doar amenzile, taxele extrajudiciare de timbre, precum \u0219i celelalte sume restante aferente anului 2012. \u00cencep\u00e2nd cu data de 7 ianuarie se vor \u00eencasa toate impozitele, taxele, contribu\u0163iile \u015fi alte sume datorate bugetului local inclusiv cele eferente anului 2013, \u00een regim de program normal, respectiv zilnic \u00eentre orele 08.30 \u2013 16.30 cu excep\u0163ia zilelor de joi, c\u00e2nd programul este 08.30 \u2013 18.30. \u00cencas\u0103rile se vor efectua la punctele din b-dul \u015etefan cel Mare \u015fi Sf\u00e2nt nr.11-15, la camera 3, corpul B etajul 1, la camera 15, corpul B parter, din imobilul situat \u00een curtea interioar\u0103 a Prim\u0103riei Ia\u015fi, c\u00e2t \u015fi la centrele de \u00eencasare din T\u0103t\u0103ra\u015fi, str. Vasile Lupu nr. 82, Nicolina, str. Petre \u0162u\u0163ea nr.2, P\u0103curari, sos. P\u0103curari nr. 34, Alexandru, str. Tabacului nr.1, Frumosa, b-dul Poitiers nr. 22-26, b-dul Prim\u0103verii nr.36 &#8211; Serviciul de \u00eenmatricul\u0103ri, eliber\u0103ri permise \u015fi pa\u015fapoarte \u015fi str. Sm\u00e2rdan nr.5 \u2013 Direc\u0163ia de Administrare a Patrimoniului Public \u015fi Privat Ia\u015fi. Potrivit Hot\u0103r\u00e2rii Consiliului Local Municipal (CLM), taxele \u015fi impozitele pe case \u015fi terenuri pe anul 2013 vor fi ajustate cu indicele de infla\u0163ie, stabilit de Institutul Na\u0163ional de Statistic\u0103 (INS). Valoarea impozitului pe locuin\u0163\u0103, pentru un apartament cu dou\u0103 camere, situat \u00een centrul ora\u015fului, se va ridica, \u00een acest an, la aproximativ 180 de lei. La calculul impozitului pe locuin\u0163\u0103 se va \u0163ine seama, potrivit legii, de vechimea blocului, de suprafa\u0163a apartamentului, de materialele din care acesta este construit \u015fi de \u00een\u0103l\u0163imea lui.<\/p>\n","protected":false},"excerpt":{"rendered":"<p>Plata taxelor \u015fi impozitelor locale pentru anul 2011 va putea fi efectuat\u0103 la Ia\u015fi \u00eencep\u00e2nd&#8230; <a class=\"meta-more\" href=\"https:\/\/infois.ro\/?p=3420\">more <span class=\"meta-nav\">&raquo;<\/span><\/a><\/p>\n","protected":false},"author":2,"featured_media":3421,"comment_status":"open","ping_status":"closed","sticky":false,"template":"","format":"standard","meta":{"footnotes":""},"categories":[1,41],"tags":[74,296,1443],"aioseo_notices":[],"_links":{"self":[{"href":"https:\/\/infois.ro\/index.php?rest_route=\/wp\/v2\/posts\/3420"}],"collection":[{"href":"https:\/\/infois.ro\/index.php?rest_route=\/wp\/v2\/posts"}],"about":[{"href":"https:\/\/infois.ro\/index.php?rest_route=\/wp\/v2\/types\/post"}],"author":[{"embeddable":true,"href":"https:\/\/infois.ro\/index.php?rest_route=\/wp\/v2\/users\/2"}],"replies":[{"embeddable":true,"href":"https:\/\/infois.ro\/index.php?rest_route=%2Fwp%2Fv2%2Fcomments&post=3420"}],"version-history":[{"count":2,"href":"https:\/\/infois.ro\/index.php?rest_route=\/wp\/v2\/posts\/3420\/revisions"}],"predecessor-version":[{"id":3423,"href":"https:\/\/infois.ro\/index.php?rest_route=\/wp\/v2\/posts\/3420\/revisions\/3423"}],"wp:featuredmedia":[{"embeddable":true,"href":"https:\/\/infois.ro\/index.php?rest_route=\/wp\/v2\/media\/3421"}],"wp:attachment":[{"href":"https:\/\/infois.ro\/index.php?rest_route=%2Fwp%2Fv2%2Fmedia&parent=3420"}],"wp:term":[{"taxonomy":"category","embeddable":true,"href":"https:\/\/infois.ro\/index.php?rest_route=%2Fwp%2Fv2%2Fcategories&post=3420"},{"taxonomy":"post_tag","embeddable":true,"href":"https:\/\/infois.ro\/index.php?rest_route=%2Fwp%2Fv2%2Ftags&post=3420"}],"curies":[{"name":"wp","href":"https:\/\/api.w.org\/{rel}","templated":true}]}}