{"id":3434,"date":"2013-01-08T15:01:32","date_gmt":"2013-01-08T13:01:32","guid":{"rendered":"http:\/\/infois.ro\/?p=3434"},"modified":"2013-01-08T15:01:32","modified_gmt":"2013-01-08T13:01:32","slug":"clm-a-aprobat-ajustarea-cu-1605-a-taxelor-si-impozitelor-locale-pentru-anul-2013","status":"publish","type":"post","link":"https:\/\/infois.ro\/?p=3434","title":{"rendered":"CLM a aprobat ajustarea cu 16,05% a taxelor \u0219i impozitelor locale pentru anul 2013"},"content":{"rendered":"<p style=\"text-align: justify;\"><a class=\"highslide\" onclick=\"return vz.expand(this)\" href=\"http:\/\/infois.ro\/wp-content\/uploads\/2013\/01\/ajustare-taxe-locale-2013.jpg\"><img loading=\"lazy\" decoding=\"async\" class=\"alignleft size-large wp-image-3435\" title=\"ajustare taxe locale 2013\" src=\"http:\/\/infois.ro\/wp-content\/uploads\/cache\/2013\/01\/ajustare-taxe-locale-2013\/3194464861.jpg\" alt=\"\" width=\"800\" height=\"448\" \/><\/a><\/p>\n<p style=\"text-align: justify;\">\u00centruni\u021bi mar\u021bi, 8 ianuarie, \u00een \u0219edin\u021b\u0103 extraordinar\u0103, consilierii locali ie\u0219eni au aprobat ajustarea cu indicele de infla\u021bie a taxelor \u0219i impozitelor locale pentru anul 2013. Proiectul de hot\u0103r\u00e2re, care prevede majorarea cu 16,05% a taxelor \u0219i impozitelor locale pentru acest an (numai pentru cl\u0103diri \u0219i terenuri, nu \u0219i pentru mijloacele de transport), a fost aprobat cu voturile consilierilor USL, \u00een timp ce consilierii PDL \u0219i PP-DD au votat \u00eempotriv\u0103. Primarul Gheorghe Nichita a explicat c\u0103 ajustarea cu indicele de infla\u021bie a taxelor \u0219i impozitelor locale este necesar\u0103 pentru ca municipalitatea s\u0103 poat\u0103 continua finan\u021barea proiectelor de dezvoltare ale ora\u0219ului. \u00cen cuv\u00e2ntul adresat consilierilor, primarul a acuzat fosta guvernare democrat liberal\u0103 c\u0103 \u00een perioada 2008-2012, a privat municipiul Ia\u0219i cu peste o mie de miliarde de lei anual, ca urmare a diminu\u0103rii cotelor defalcate de la bugetul de stat din impozitul pe venit. \u201dSigur c\u0103 aprobarea hot\u0103r\u00e2rii privind ajustarea cu indicele de infla\u021bie pe ultimii trei ani a taxelor \u0219i impozitelor locale pentru acest an este una nepopular\u0103 \u0219i care produce nemul\u021bumire \u00een r\u00e2ndul popula\u021biei, \u00eens\u0103 trebuie subliniat faptul c\u0103 municipalitatea are de acoperit, pe de o parte, o serie de cheltuieli \u00een acest an, iar pe de alt\u0103 parte trebuie s\u0103 fac\u0103 fa\u021b\u0103 deficitului de venituri realizate \u00een ultimii ani, \u00eencep\u00e2nd din 2010 \u00eencoace, ca urmare a reducerii, \u00een fiecare an, de c\u0103tre Guvernul condus de Emil Boc, a impozitului pe venitul global, de la 47% la 41,75%, ceea ce a \u00eensemnat un deficit de peste 200 de miliarde de lei anul la bugetul local. Sper ca bugetul pentru acest an, la care se vor ad\u0103uga veniturile pe care le-am prognozat pentru 2013, s\u0103 poat\u0103 sus\u021bine finan\u021barea investi\u021biilor pe care le-am \u00eenceput d\u00e9j\u00e0 sau pe care le vom \u00eencepe. Sper, de asemenea, s\u0103 putem sus\u021bine asisten\u021ba social, educa\u021bia, s\u0103n\u0103tatea \u0219i toate celelalte cheltuieli prev\u0103zute \u00een buget\u201d, a declarat primarul.\u00a0 \u00a0\u00cen urma aprob\u0103rii hot\u0103r\u00e2rii privind ajustarea cu indicele de infla\u021bie a taxelor \u0219i impozitelor locale, \u00een acest an, pentru un apartament cu o camer\u0103, cu o suprafa\u0163\u0103 util\u0103 de circa 30 de metri p\u0103tra\u0163i, cre\u015fterea va fi de aproximativ zece lei , respectiv de la de la 61 de lei, c\u00e2t a fost valoarea impozitului \u00een anul 2012, la la 71 de lei, \u00een acest an. Pentru un apartament cu dou\u0103 camere, cu o suprafa\u0163\u0103 util\u0103 de circa 45 de metri p\u0103tra\u0163i, valoarea impozitului, care se calculeaz\u0103 \u00een func\u021bie de zona \u00een care este amplasat imobilul, va cre\u0219te de la 15 la 17 lei (zona C), de la 91 la 106 lei (zona B), respectiv de la 104 la 121 de lei (zona A), \u00een timp ce pentru un apartament cu trei camere, cu o suprafa\u0163\u0103 util\u0103 (medie) de 75 de metri p\u0103tra\u0163i, cre\u015fterea va fi de 28 de lei, respectiv de la 174 la 202 lei (\u00een zona A) \u0219i de 24 de lei, respective de la 152 la 176 lei, pentru imobilele situate \u00een zona D. Plata taxelor \u0219i impozitelor locale pentru acest an an, ajustate cu indicele de infla\u021bie, potrivit Hot\u0103r\u00e2rii Consiliului Local Municipal (CLM), adoptate \u00een \u0219edin\u021ba din 8 ianuarie, se poate face \u00eencep\u00e2nd din aceast\u0103 s\u0103pt\u0103m\u00e2n\u0103, la casieriile Direc\u021biei Finan\u021belor Publice Locale (DFPL), zilnic \u00eentre orele 08.30 \u2013 16.30, cu excep\u0163ia zilelor de joi, c\u00e2nd programul este 08.30 \u2013 18.30. \u00cencas\u0103rile se vor efectua la punctele din b-dul \u0218tefan cel Mare \u015fi Sf\u00e2nt nr.11-15,\u00a0 la camera 3, corpul B etajul 1, la camera 15, corpul B parter, din imobilul situat \u00een curtea interioar\u0103 a Prim\u0103riei municipiului Ia\u015fi, c\u00e2t \u015fi la centrele de \u00eencasare din T\u0103t\u0103ra\u015fi (str. Vasile Lupu nr. 82), Nicolina (str. Petre \u0162u\u0163ea nr. 2), P\u0103curari (\u0218os. P\u0103curari nr. 34), Alexandru cel Bun (str. Tabacului nr.1), Frumosa (Bulevardul Poitiers nr. 22-26), Bulevardul Prim\u0103verii nr.36 &#8211; Serviciul de \u00eenmatricul\u0103ri auto, eliber\u0103ri permise \u015fi pa\u015fapoarte \u015fi din str. Sm\u00e2rdan nr. 5 \u2013 Direc\u0163ia de Administrare a Patrimoniului Public \u015fi Privat Ia\u015fi.<\/p>\n","protected":false},"excerpt":{"rendered":"<p>\u00centruni\u021bi mar\u021bi, 8 ianuarie, \u00een \u0219edin\u021b\u0103 extraordinar\u0103, consilierii locali ie\u0219eni au aprobat ajustarea cu indicele&#8230; <a class=\"meta-more\" href=\"https:\/\/infois.ro\/?p=3434\">more <span class=\"meta-nav\">&raquo;<\/span><\/a><\/p>\n","protected":false},"author":2,"featured_media":3435,"comment_status":"open","ping_status":"closed","sticky":false,"template":"","format":"standard","meta":{"footnotes":""},"categories":[1,41],"tags":[74,692,296,1443],"aioseo_notices":[],"_links":{"self":[{"href":"https:\/\/infois.ro\/index.php?rest_route=\/wp\/v2\/posts\/3434"}],"collection":[{"href":"https:\/\/infois.ro\/index.php?rest_route=\/wp\/v2\/posts"}],"about":[{"href":"https:\/\/infois.ro\/index.php?rest_route=\/wp\/v2\/types\/post"}],"author":[{"embeddable":true,"href":"https:\/\/infois.ro\/index.php?rest_route=\/wp\/v2\/users\/2"}],"replies":[{"embeddable":true,"href":"https:\/\/infois.ro\/index.php?rest_route=%2Fwp%2Fv2%2Fcomments&post=3434"}],"version-history":[{"count":1,"href":"https:\/\/infois.ro\/index.php?rest_route=\/wp\/v2\/posts\/3434\/revisions"}],"predecessor-version":[{"id":3436,"href":"https:\/\/infois.ro\/index.php?rest_route=\/wp\/v2\/posts\/3434\/revisions\/3436"}],"wp:featuredmedia":[{"embeddable":true,"href":"https:\/\/infois.ro\/index.php?rest_route=\/wp\/v2\/media\/3435"}],"wp:attachment":[{"href":"https:\/\/infois.ro\/index.php?rest_route=%2Fwp%2Fv2%2Fmedia&parent=3434"}],"wp:term":[{"taxonomy":"category","embeddable":true,"href":"https:\/\/infois.ro\/index.php?rest_route=%2Fwp%2Fv2%2Fcategories&post=3434"},{"taxonomy":"post_tag","embeddable":true,"href":"https:\/\/infois.ro\/index.php?rest_route=%2Fwp%2Fv2%2Ftags&post=3434"}],"curies":[{"name":"wp","href":"https:\/\/api.w.org\/{rel}","templated":true}]}}