{"id":34564,"date":"2018-05-13T10:37:48","date_gmt":"2018-05-13T07:37:48","guid":{"rendered":"http:\/\/infois.ro\/?p=34564"},"modified":"2018-05-14T10:40:34","modified_gmt":"2018-05-14T07:40:34","slug":"ziua-regalitatii-la-colegiul-tehnic-gheorghe-asachi","status":"publish","type":"post","link":"https:\/\/infois.ro\/?p=34564","title":{"rendered":"Ziua Regalit\u0103\u021bii la Colegiul Tehnic \u201eGheorghe Asachi\u201d"},"content":{"rendered":"<div><a href=\"http:\/\/infois.ro\/wp-content\/uploads\/2018\/05\/asachi.jpg\"><img loading=\"lazy\" decoding=\"async\" class=\"alignleft  wp-image-34565\" src=\"http:\/\/infois.ro\/wp-content\/uploads\/2018\/05\/asachi.jpg\" alt=\"\" width=\"347\" height=\"296\" srcset=\"https:\/\/infois.ro\/wp-content\/uploads\/2018\/05\/asachi.jpg 640w, https:\/\/infois.ro\/wp-content\/uploads\/2018\/05\/asachi-300x255.jpg 300w\" sizes=\"(max-width: 347px) 100vw, 347px\" \/><\/a><\/div>\n<div id=\"yui_3_16_0_ym19_1_1526281482090_34753\" style=\"text-align: justify;\">\u00cen cadrul activit\u0103\u0163ii\u00a0<i id=\"yui_3_16_0_ym19_1_1526281482090_34752\">Puterea amintirii\u2026 Casa Regal\u0103 a Rom\u00e2niei,<\/i>\u00a0elevii din clasele a X-a \u015fi a XI-a au realizat \u0219i prezentat\u00a0colegilor viziunea\u00a0lor despre monarhia rom\u00e2neasc\u0103, prin intermediul unor jurnale memorialistice. Cele 6 echipaje au scos \u00een eviden\u0163\u0103 demersurile Casei Regale a Rom\u00e2niei, caracteristicile monarhiei constitu\u0163ionale \u015fi lupta acesteia pentru idealurile democratice. A fost un bun prilej pentru elevi de a evoca momente importante din istoria \u0163\u0103rii : cucerirea independen\u0163ei, r\u0103zboiul pentru re\u00eentregirea \u0163\u0103rii sau Marea Unire.<\/div>\n<div id=\"yui_3_16_0_ym19_1_1526281482090_34781\" style=\"text-align: justify;\"><\/div>\n<div id=\"yui_3_16_0_ym19_1_1526281482090_34784\" style=\"text-align: justify;\"><span id=\"yui_3_16_0_ym19_1_1526281482090_34783\"><span id=\"yui_3_16_0_ym19_1_1526281482090_34782\">Ziua de 10 mai are o semnifica\u0163ie deosebit\u0103 pentru elevii \u015fi cadrele didactice de la Colegiul Tehnic \u2019\u2019Gheorghe Asachi \u2019\u2019 din Ia\u015fi. De-a lungul timpului, domnitorul \u015fi apoi regii Rom\u00e2niei au fost preocupa\u0163i de soarta acestei<\/span>\u00a0<span id=\"yui_3_16_0_ym19_1_1526281482090_34833\">\u015fcoli, deoarece era institu\u0163ia care asigura \u0163\u0103rii dezvoltarea economic\u0103, prin preg\u0103tirea for\u0163ei de munc\u0103 calificat\u0103. La numai 3 ani de la venirea sa \u00een Rom\u00e2nia, domnitorul Carol a efectuat o vizit\u0103 la \u2019\u2019\u00cent\u00e2iul Institut de Arte \u015fi Meserii\u2019\u2019 din Ia\u015fi<\/span>\u00a0<span id=\"yui_3_16_0_ym19_1_1526281482090_34785\">pentru a vedea progresele realizate de elevi, mai\u015ftri \u015fi ingineri. Au urmat alte vizite, \u00eenso\u0163it fiind de prin\u0163ul mo\u015ftenitor Ferdinand, recunosc\u00e2nd astfel importan\u0163a acestei institu\u0163ii de \u00eenv\u0103\u0163\u0103m\u00e2nt tehnic.<\/span>\u00a0<span id=\"yui_3_16_0_ym19_1_1526281482090_34849\">\u00cencununarea demersului didactic \u015fi tehnic a Colegiului &#8220;Gheorghe Asachi&#8221; a venit \u00een octombrie 2017, c\u00e2nd a primit distinc\u0163ia \u2019\u2019Crucea Casei Regale\u2019\u2019.<\/span><\/span><\/div>\n","protected":false},"excerpt":{"rendered":"<p>\u00cen cadrul activit\u0103\u0163ii\u00a0Puterea amintirii\u2026 Casa Regal\u0103 a Rom\u00e2niei,\u00a0elevii din clasele a X-a \u015fi a XI-a&#8230; <a class=\"meta-more\" href=\"https:\/\/infois.ro\/?p=34564\">more <span class=\"meta-nav\">&raquo;<\/span><\/a><\/p>\n","protected":false},"author":2,"featured_media":34565,"comment_status":"closed","ping_status":"closed","sticky":false,"template":"","format":"standard","meta":{"footnotes":""},"categories":[12,41],"tags":[74,2773,40,10699,3112,10698],"aioseo_notices":[],"_links":{"self":[{"href":"https:\/\/infois.ro\/index.php?rest_route=\/wp\/v2\/posts\/34564"}],"collection":[{"href":"https:\/\/infois.ro\/index.php?rest_route=\/wp\/v2\/posts"}],"about":[{"href":"https:\/\/infois.ro\/index.php?rest_route=\/wp\/v2\/types\/post"}],"author":[{"embeddable":true,"href":"https:\/\/infois.ro\/index.php?rest_route=\/wp\/v2\/users\/2"}],"replies":[{"embeddable":true,"href":"https:\/\/infois.ro\/index.php?rest_route=%2Fwp%2Fv2%2Fcomments&post=34564"}],"version-history":[{"count":1,"href":"https:\/\/infois.ro\/index.php?rest_route=\/wp\/v2\/posts\/34564\/revisions"}],"predecessor-version":[{"id":34566,"href":"https:\/\/infois.ro\/index.php?rest_route=\/wp\/v2\/posts\/34564\/revisions\/34566"}],"wp:featuredmedia":[{"embeddable":true,"href":"https:\/\/infois.ro\/index.php?rest_route=\/wp\/v2\/media\/34565"}],"wp:attachment":[{"href":"https:\/\/infois.ro\/index.php?rest_route=%2Fwp%2Fv2%2Fmedia&parent=34564"}],"wp:term":[{"taxonomy":"category","embeddable":true,"href":"https:\/\/infois.ro\/index.php?rest_route=%2Fwp%2Fv2%2Fcategories&post=34564"},{"taxonomy":"post_tag","embeddable":true,"href":"https:\/\/infois.ro\/index.php?rest_route=%2Fwp%2Fv2%2Ftags&post=34564"}],"curies":[{"name":"wp","href":"https:\/\/api.w.org\/{rel}","templated":true}]}}